{"id":64627,"date":"2022-06-08T00:25:36","date_gmt":"2022-06-08T00:25:36","guid":{"rendered":"https:\/\/jorgezanoni.com.br\/2019\/?p=64627"},"modified":"2022-06-08T03:06:55","modified_gmt":"2022-06-08T03:06:55","slug":"morre-o-sr-lucio-sacco-ex-vice-prefeito-de-dracena","status":"publish","type":"post","link":"https:\/\/jorgezanoni.com.br\/2019\/morre-o-sr-lucio-sacco-ex-vice-prefeito-de-dracena\/","title":{"rendered":"Morre o sr. Lucio Sacco, ex-vice prefeito de Dracena"},"content":{"rendered":"<p>Comunicamos com pesar o falecimento do Sr. L\u00facio Sacco de 81 anos. Estava internado na Santa Casa de Dracena.<\/p>\n<p>Deixa esposa, filhos, noras, netos, demais familiares e amigos.<\/p>\n<p>Foi funcion\u00e1rio do INSS por muitos anos, ex-prefeito e Presidente da EMDAEP.<\/p>\n<p>O seu corpo ser\u00e1 velado no Memorial Vida Prev amanh\u00e3 hoje (8) a partir das 09:00 Horas e o Sepultamento ocorre \u00e0s 14:00 Horas no Cemit\u00e9rio Municipal.<\/p>\n<p>O Site JZ se solidariza com a fam\u00edlia e amigos neste dif\u00edcil momento.<\/p>\n<p>Jorge Zanoni<\/p>\n<p><img loading=\"lazy\" decoding=\"async\" class=\"alignnone size-full wp-image-64639\" src=\"https:\/\/jorgezanoni.com.br\/2019\/wp-content\/uploads\/2022\/06\/Lucio-Sacco.jpg\" alt=\"\" width=\"540\" height=\"540\" srcset=\"https:\/\/jorgezanoni.com.br\/2019\/wp-content\/uploads\/2022\/06\/Lucio-Sacco.jpg 540w, https:\/\/jorgezanoni.com.br\/2019\/wp-content\/uploads\/2022\/06\/Lucio-Sacco-300x300.jpg 300w, https:\/\/jorgezanoni.com.br\/2019\/wp-content\/uploads\/2022\/06\/Lucio-Sacco-150x150.jpg 150w, https:\/\/jorgezanoni.com.br\/2019\/wp-content\/uploads\/2022\/06\/Lucio-Sacco-420x420.jpg 420w\" sizes=\"auto, (max-width: 540px) 100vw, 540px\" \/><\/p>\n<p>&nbsp;<\/p>\n<p>&nbsp;<\/p>\n","protected":false},"excerpt":{"rendered":"<p>Comunicamos com pesar o falecimento do Sr. L\u00facio Sacco de 81 anos. Estava internado na Santa Casa de Dracena. Deixa esposa, filhos, noras, netos, demais familiares e amigos. Foi funcion\u00e1rio do INSS por muitos anos, ex-prefeito e Presidente da EMDAEP. O seu corpo ser\u00e1 velado no Memorial Vida Prev amanh\u00e3 hoje (8) a partir das [&hellip;]<\/p>\n","protected":false},"author":1,"featured_media":64641,"comment_status":"closed","ping_status":"open","sticky":false,"template":"","format":"standard","meta":{"footnotes":""},"categories":[178,110],"tags":[],"class_list":["post-64627","post","type-post","status-publish","format-standard","has-post-thumbnail","hentry","category-notadefalecimento","category-noticiasdestaque"],"_links":{"self":[{"href":"https:\/\/jorgezanoni.com.br\/2019\/wp-json\/wp\/v2\/posts\/64627","targetHints":{"allow":["GET"]}}],"collection":[{"href":"https:\/\/jorgezanoni.com.br\/2019\/wp-json\/wp\/v2\/posts"}],"about":[{"href":"https:\/\/jorgezanoni.com.br\/2019\/wp-json\/wp\/v2\/types\/post"}],"author":[{"embeddable":true,"href":"https:\/\/jorgezanoni.com.br\/2019\/wp-json\/wp\/v2\/users\/1"}],"replies":[{"embeddable":true,"href":"https:\/\/jorgezanoni.com.br\/2019\/wp-json\/wp\/v2\/comments?post=64627"}],"version-history":[{"count":0,"href":"https:\/\/jorgezanoni.com.br\/2019\/wp-json\/wp\/v2\/posts\/64627\/revisions"}],"wp:featuredmedia":[{"embeddable":true,"href":"https:\/\/jorgezanoni.com.br\/2019\/wp-json\/wp\/v2\/media\/64641"}],"wp:attachment":[{"href":"https:\/\/jorgezanoni.com.br\/2019\/wp-json\/wp\/v2\/media?parent=64627"}],"wp:term":[{"taxonomy":"category","embeddable":true,"href":"https:\/\/jorgezanoni.com.br\/2019\/wp-json\/wp\/v2\/categories?post=64627"},{"taxonomy":"post_tag","embeddable":true,"href":"https:\/\/jorgezanoni.com.br\/2019\/wp-json\/wp\/v2\/tags?post=64627"}],"curies":[{"name":"wp","href":"https:\/\/api.w.org\/{rel}","templated":true}]}}