{"id":64611,"date":"2022-06-07T16:00:25","date_gmt":"2022-06-07T16:00:25","guid":{"rendered":"https:\/\/jorgezanoni.com.br\/2019\/?p=64611"},"modified":"2022-06-07T16:00:25","modified_gmt":"2022-06-07T16:00:25","slug":"camara-municipal-de-dracena-derruba-pedido-de-arquivamento-e-mantem-processo-de-cassacao-contra-vereador","status":"publish","type":"post","link":"https:\/\/jorgezanoni.com.br\/2019\/camara-municipal-de-dracena-derruba-pedido-de-arquivamento-e-mantem-processo-de-cassacao-contra-vereador\/","title":{"rendered":"C\u00e2mara Municipal de Dracena derruba pedido de arquivamento e mant\u00e9m processo de cassa\u00e7\u00e3o contra vereador"},"content":{"rendered":"<h2 class=\"content-head__subtitle\" style=\"text-align: justify;\"><strong>Conforme a Casa de Leis, J\u00falio C\u00e9sar Monteiro (PV) teria praticado suposto ato de improbidade administrativa.<\/strong><\/h2>\n<div class=\"mc-column content-text active-extra-styles \" style=\"text-align: justify;\" data-block-type=\"unstyled\" data-block-weight=\"33\" data-block-id=\"2\">\n<p class=\"content-text__container \" data-track-category=\"Link no Texto\" data-track-links=\"\">A C\u00e2mara Municipal de\u00a0<a href=\"https:\/\/g1.globo.com\/sp\/presidente-prudente-regiao\/cidade\/dracena\/\">Dracena<\/a>\u00a0(SP), durante sess\u00e3o ordin\u00e1ria desta segunda-feira (6), derrubou o pedido de arquivamento do<a href=\"https:\/\/g1.globo.com\/sp\/presidente-prudente-regiao\/noticia\/2022\/05\/10\/camara-de-dracena-cria-comissao-processante-para-apurar-denuncia-contra-vereador.ghtml\">\u00a0processo de cassa\u00e7\u00e3o<\/a>, por oito votos a dois, contra o vereador J\u00falio C\u00e9sar Monteiro (PV).<\/p>\n<\/div>\n<div class=\"wall protected-content\">\n<div class=\"mc-column content-text active-extra-styles \" style=\"text-align: justify;\" data-block-type=\"unstyled\" data-block-weight=\"38\" data-block-id=\"3\">\n<p class=\"content-text__container \" data-track-category=\"Link no Texto\" data-track-links=\"\">Diante da situa\u00e7\u00e3o, a comiss\u00e3o formada por vereadores, que analisa o processo de cassa\u00e7\u00e3o do vereador, deve dar andamento a mais uma etapa das investiga\u00e7\u00f5es. A partir de agora, come\u00e7a o processo de instru\u00e7\u00e3o do processo de cassa\u00e7\u00e3o.<\/p>\n<\/div>\n<div class=\"mc-column content-text active-extra-styles\" style=\"text-align: justify;\" data-block-type=\"raw\" data-block-weight=\"2\" data-block-id=\"4\">\n<div class=\"content-intertitle\">\n<h2>VEJA TAMB\u00c9M<\/h2>\n<\/div>\n<\/div>\n<div class=\"mc-column content-text active-extra-styles\" style=\"text-align: justify;\" data-block-type=\"raw\" data-block-weight=\"11\" data-block-id=\"5\">\n<ul class=\"content-unordered-list\">\n<li><a href=\"https:\/\/g1.globo.com\/sp\/presidente-prudente-regiao\/noticia\/2022\/05\/10\/camara-de-dracena-cria-comissao-processante-para-apurar-denuncia-contra-vereador.ghtml\">C\u00e2mara de Dracena cria Comiss\u00e3o Processante para apurar den\u00fancia contra vereador<\/a><\/li>\n<\/ul>\n<\/div>\n<div class=\"mc-column content-text active-extra-styles \" data-block-type=\"unstyled\" data-block-weight=\"37\" data-block-id=\"6\">\n<p class=\"content-text__container \" style=\"text-align: justify;\" data-track-category=\"Link no Texto\" data-track-links=\"\">O vereador J\u00falio C\u00e9sar Monteiro \u00e9 investigado por suposto ato de improbidade administrativa. O Poder Legislativo afirmou que, em tese, o vereador denunciado teria patrocinado junto \u00e0 Justi\u00e7a em causa pr\u00f3pria, o que \u00e9 proibido aos servidores.<\/p>\n<div class=\"mc-column content-text active-extra-styles \" style=\"text-align: justify;\" data-block-type=\"unstyled\" data-block-weight=\"28\" data-block-id=\"8\">\n<p class=\"content-text__container \" data-track-category=\"Link no Texto\" data-track-links=\"\">No m\u00eas passado, Monteiro afirmou em nota que est\u00e1 sendo acusado por ter se \u201cdefendido em causa pr\u00f3pria, uma vez que quem patrocinou a causa foi a Prefeitura\u201d.<\/p>\n<\/div>\n<div class=\"mc-column content-text active-extra-styles \" data-block-type=\"unstyled\" data-block-weight=\"16\" data-block-id=\"9\">\n<p class=\"content-text__container \" style=\"text-align: justify;\" data-track-category=\"Link no Texto\" data-track-links=\"\">Nesta ter\u00e7a-feira (7), o vereador afirmou \u00e0\u00a0<strong>TV Fronteira<\/strong>\u00a0que n\u00e3o falar\u00e1 sobre o caso.<\/p>\n<p style=\"text-align: justify;\" data-track-category=\"Link no Texto\" data-track-links=\"\">Fonte: G1 &#8211; TV Fronteira<\/p>\n<\/div>\n<\/div>\n<\/div>\n","protected":false},"excerpt":{"rendered":"<p>Conforme a Casa de Leis, J\u00falio C\u00e9sar Monteiro (PV) teria praticado suposto ato de improbidade administrativa. A C\u00e2mara Municipal de\u00a0Dracena\u00a0(SP), durante sess\u00e3o ordin\u00e1ria desta segunda-feira (6), derrubou o pedido de arquivamento do\u00a0processo de cassa\u00e7\u00e3o, por oito votos a dois, contra o vereador J\u00falio C\u00e9sar Monteiro (PV). Diante da situa\u00e7\u00e3o, a comiss\u00e3o formada por vereadores, que [&hellip;]<\/p>\n","protected":false},"author":1,"featured_media":64612,"comment_status":"closed","ping_status":"open","sticky":false,"template":"","format":"standard","meta":{"footnotes":""},"categories":[110,116],"tags":[],"class_list":["post-64611","post","type-post","status-publish","format-standard","has-post-thumbnail","hentry","category-noticiasdestaque","category-politicaeeconomia"],"_links":{"self":[{"href":"https:\/\/jorgezanoni.com.br\/2019\/wp-json\/wp\/v2\/posts\/64611","targetHints":{"allow":["GET"]}}],"collection":[{"href":"https:\/\/jorgezanoni.com.br\/2019\/wp-json\/wp\/v2\/posts"}],"about":[{"href":"https:\/\/jorgezanoni.com.br\/2019\/wp-json\/wp\/v2\/types\/post"}],"author":[{"embeddable":true,"href":"https:\/\/jorgezanoni.com.br\/2019\/wp-json\/wp\/v2\/users\/1"}],"replies":[{"embeddable":true,"href":"https:\/\/jorgezanoni.com.br\/2019\/wp-json\/wp\/v2\/comments?post=64611"}],"version-history":[{"count":0,"href":"https:\/\/jorgezanoni.com.br\/2019\/wp-json\/wp\/v2\/posts\/64611\/revisions"}],"wp:featuredmedia":[{"embeddable":true,"href":"https:\/\/jorgezanoni.com.br\/2019\/wp-json\/wp\/v2\/media\/64612"}],"wp:attachment":[{"href":"https:\/\/jorgezanoni.com.br\/2019\/wp-json\/wp\/v2\/media?parent=64611"}],"wp:term":[{"taxonomy":"category","embeddable":true,"href":"https:\/\/jorgezanoni.com.br\/2019\/wp-json\/wp\/v2\/categories?post=64611"},{"taxonomy":"post_tag","embeddable":true,"href":"https:\/\/jorgezanoni.com.br\/2019\/wp-json\/wp\/v2\/tags?post=64611"}],"curies":[{"name":"wp","href":"https:\/\/api.w.org\/{rel}","templated":true}]}}