{"id":64608,"date":"2022-06-07T13:51:54","date_gmt":"2022-06-07T13:51:54","guid":{"rendered":"https:\/\/jorgezanoni.com.br\/2019\/?p=64608"},"modified":"2022-06-07T13:51:54","modified_gmt":"2022-06-07T13:51:54","slug":"homem-e-preso-por-furto-em-residencia-e-termina-em-hospital-apos-ser-golpeado-com-cabo-de-vassoura-em-dracena","status":"publish","type":"post","link":"https:\/\/jorgezanoni.com.br\/2019\/homem-e-preso-por-furto-em-residencia-e-termina-em-hospital-apos-ser-golpeado-com-cabo-de-vassoura-em-dracena\/","title":{"rendered":"Homem \u00e9 preso por furto em resid\u00eancia e termina em Hospital ap\u00f3s ser golpeado com cabo de vassoura em Dracena"},"content":{"rendered":"<p style=\"text-align: justify;\"><strong>EM DRACENA FURTO EM RESID\u00caNCIA TERMINA COM AUTOR PRESO E NO HOSPITAL EM ESTADO GRAVE.<\/strong><\/p>\n<p style=\"text-align: justify;\">Na data de ontem (6) por volta das 23h46min a equipe da Pol\u00edcia Militar foi acionada para o atendimento de ocorr\u00eancia de tentativa de furto pelo Jardim Alvorada onde o Autor (homem 37 anos) encontrava-se desmaiado, pois a v\u00edtima tinha avistado um vulto em seu quintal e ao sair j\u00e1 com um cabo de vassoura nas m\u00e3os deparou com um indiv\u00edduo furtando a bateria automotiva que estava na sua garagem, ent\u00e3o a v\u00edtima golpeou o autor na cabe\u00e7a, cessando o tal ato.<br \/>\nO autor foi socorrido pela Unidade de Resgate ao Pronto Atendimento Municipal em estado grave, onde foi atendido, entubado e aguarda vaga de interna\u00e7\u00e3o na Cross.<br \/>\nNo Plant\u00e3o de Pol\u00edcia Judici\u00e1ria foi ratificado o flagrante de Furto\/Tentado.<br \/>\nO indiciado permanece internado na Santa Casa de Dracena.<\/p>\n<p>Fonte: Com. Social Pol\u00edcia Militar<\/p>\n","protected":false},"excerpt":{"rendered":"<p>EM DRACENA FURTO EM RESID\u00caNCIA TERMINA COM AUTOR PRESO E NO HOSPITAL EM ESTADO GRAVE. Na data de ontem (6) por volta das 23h46min a equipe da Pol\u00edcia Militar foi acionada para o atendimento de ocorr\u00eancia de tentativa de furto pelo Jardim Alvorada onde o Autor (homem 37 anos) encontrava-se desmaiado, pois a v\u00edtima tinha [&hellip;]<\/p>\n","protected":false},"author":1,"featured_media":64609,"comment_status":"closed","ping_status":"open","sticky":false,"template":"","format":"standard","meta":{"footnotes":""},"categories":[110,2],"tags":[],"class_list":["post-64608","post","type-post","status-publish","format-standard","has-post-thumbnail","hentry","category-noticiasdestaque","category-policial"],"_links":{"self":[{"href":"https:\/\/jorgezanoni.com.br\/2019\/wp-json\/wp\/v2\/posts\/64608","targetHints":{"allow":["GET"]}}],"collection":[{"href":"https:\/\/jorgezanoni.com.br\/2019\/wp-json\/wp\/v2\/posts"}],"about":[{"href":"https:\/\/jorgezanoni.com.br\/2019\/wp-json\/wp\/v2\/types\/post"}],"author":[{"embeddable":true,"href":"https:\/\/jorgezanoni.com.br\/2019\/wp-json\/wp\/v2\/users\/1"}],"replies":[{"embeddable":true,"href":"https:\/\/jorgezanoni.com.br\/2019\/wp-json\/wp\/v2\/comments?post=64608"}],"version-history":[{"count":0,"href":"https:\/\/jorgezanoni.com.br\/2019\/wp-json\/wp\/v2\/posts\/64608\/revisions"}],"wp:featuredmedia":[{"embeddable":true,"href":"https:\/\/jorgezanoni.com.br\/2019\/wp-json\/wp\/v2\/media\/64609"}],"wp:attachment":[{"href":"https:\/\/jorgezanoni.com.br\/2019\/wp-json\/wp\/v2\/media?parent=64608"}],"wp:term":[{"taxonomy":"category","embeddable":true,"href":"https:\/\/jorgezanoni.com.br\/2019\/wp-json\/wp\/v2\/categories?post=64608"},{"taxonomy":"post_tag","embeddable":true,"href":"https:\/\/jorgezanoni.com.br\/2019\/wp-json\/wp\/v2\/tags?post=64608"}],"curies":[{"name":"wp","href":"https:\/\/api.w.org\/{rel}","templated":true}]}}