{"id":64577,"date":"2022-06-06T23:19:41","date_gmt":"2022-06-06T23:19:41","guid":{"rendered":"https:\/\/jorgezanoni.com.br\/2019\/?p=64577"},"modified":"2022-06-06T23:19:41","modified_gmt":"2022-06-06T23:19:41","slug":"acidente-entre-carro-e-moto-deixa-motociclista-ferido-em-dracena","status":"publish","type":"post","link":"https:\/\/jorgezanoni.com.br\/2019\/acidente-entre-carro-e-moto-deixa-motociclista-ferido-em-dracena\/","title":{"rendered":"Acidente entre carro e moto deixa motociclista ferido em Dracena"},"content":{"rendered":"<p style=\"text-align: justify;\"><strong>Condutor do ve\u00edculo n\u00e3o se feriu, j\u00e1 o motociclista foi socorro ao PAM.<\/strong><\/p>\n<p style=\"text-align: justify;\">Por volta de 14:00 Horas desta segunda-feira (6), foi registrado um acidente entre um ve\u00edculo Onix Prata e uma Motocicleta. Foi na esquina das Rua Visconde do Rio Branco com Thom\u00e9 de Souza.<\/p>\n<p style=\"text-align: justify;\">Segundo informa\u00e7\u00f5es obtidas pela reportagem do Site JZ, a motocicleta conduzida por um jovem fazia o sentido centro-bairro pela Visconde (preferencial), quando o condutor do ve\u00edculo n\u00e3o teria obedecido o sinal de Pare e seguia no sentido AME ao centro, cruzou sua frente pela Thom\u00e9.<\/p>\n<p style=\"text-align: justify;\">Com o impacto o motociclista caiu ao solo, sofrendo escoria\u00e7\u00f5es e se queixava de dores. Uma Unidade de Resgate do Corpo de Bombeiros, socorreu o rapaz at\u00e9 o Pronto Atendimento Municipal.<\/p>\n<p style=\"text-align: justify;\">As Pol\u00edcias Militar e T\u00e9cnica compareceram ao local para os levantamentos necess\u00e1rios.<\/p>\n<p><img loading=\"lazy\" decoding=\"async\" class=\"alignnone size-full wp-image-64579\" src=\"https:\/\/jorgezanoni.com.br\/2019\/wp-content\/uploads\/2022\/06\/Thome.jpg\" alt=\"\" width=\"700\" height=\"394\" srcset=\"https:\/\/jorgezanoni.com.br\/2019\/wp-content\/uploads\/2022\/06\/Thome.jpg 700w, https:\/\/jorgezanoni.com.br\/2019\/wp-content\/uploads\/2022\/06\/Thome-300x169.jpg 300w, https:\/\/jorgezanoni.com.br\/2019\/wp-content\/uploads\/2022\/06\/Thome-696x392.jpg 696w\" sizes=\"auto, (max-width: 700px) 100vw, 700px\" \/> <img loading=\"lazy\" decoding=\"async\" class=\"alignnone size-full wp-image-64580\" src=\"https:\/\/jorgezanoni.com.br\/2019\/wp-content\/uploads\/2022\/06\/thome1.jpg\" alt=\"\" width=\"600\" height=\"1065\" srcset=\"https:\/\/jorgezanoni.com.br\/2019\/wp-content\/uploads\/2022\/06\/thome1.jpg 600w, https:\/\/jorgezanoni.com.br\/2019\/wp-content\/uploads\/2022\/06\/thome1-169x300.jpg 169w, https:\/\/jorgezanoni.com.br\/2019\/wp-content\/uploads\/2022\/06\/thome1-577x1024.jpg 577w, https:\/\/jorgezanoni.com.br\/2019\/wp-content\/uploads\/2022\/06\/thome1-237x420.jpg 237w\" sizes=\"auto, (max-width: 600px) 100vw, 600px\" \/> <img loading=\"lazy\" decoding=\"async\" class=\"alignnone size-full wp-image-64582\" src=\"https:\/\/jorgezanoni.com.br\/2019\/wp-content\/uploads\/2022\/06\/thome3.jpg\" alt=\"\" width=\"700\" height=\"393\" srcset=\"https:\/\/jorgezanoni.com.br\/2019\/wp-content\/uploads\/2022\/06\/thome3.jpg 700w, https:\/\/jorgezanoni.com.br\/2019\/wp-content\/uploads\/2022\/06\/thome3-300x168.jpg 300w, https:\/\/jorgezanoni.com.br\/2019\/wp-content\/uploads\/2022\/06\/thome3-696x391.jpg 696w\" sizes=\"auto, (max-width: 700px) 100vw, 700px\" \/><\/p>\n<p style=\"text-align: justify;\">Jorge Zanoni<\/p>\n<p style=\"text-align: justify;\">Fotos de Internauta<\/p>\n","protected":false},"excerpt":{"rendered":"<p>Condutor do ve\u00edculo n\u00e3o se feriu, j\u00e1 o motociclista foi socorro ao PAM. Por volta de 14:00 Horas desta segunda-feira (6), foi registrado um acidente entre um ve\u00edculo Onix Prata e uma Motocicleta. Foi na esquina das Rua Visconde do Rio Branco com Thom\u00e9 de Souza. Segundo informa\u00e7\u00f5es obtidas pela reportagem do Site JZ, a [&hellip;]<\/p>\n","protected":false},"author":1,"featured_media":64581,"comment_status":"closed","ping_status":"open","sticky":false,"template":"","format":"standard","meta":{"footnotes":""},"categories":[170,110],"tags":[],"class_list":["post-64577","post","type-post","status-publish","format-standard","has-post-thumbnail","hentry","category-acidentes","category-noticiasdestaque"],"_links":{"self":[{"href":"https:\/\/jorgezanoni.com.br\/2019\/wp-json\/wp\/v2\/posts\/64577","targetHints":{"allow":["GET"]}}],"collection":[{"href":"https:\/\/jorgezanoni.com.br\/2019\/wp-json\/wp\/v2\/posts"}],"about":[{"href":"https:\/\/jorgezanoni.com.br\/2019\/wp-json\/wp\/v2\/types\/post"}],"author":[{"embeddable":true,"href":"https:\/\/jorgezanoni.com.br\/2019\/wp-json\/wp\/v2\/users\/1"}],"replies":[{"embeddable":true,"href":"https:\/\/jorgezanoni.com.br\/2019\/wp-json\/wp\/v2\/comments?post=64577"}],"version-history":[{"count":0,"href":"https:\/\/jorgezanoni.com.br\/2019\/wp-json\/wp\/v2\/posts\/64577\/revisions"}],"wp:featuredmedia":[{"embeddable":true,"href":"https:\/\/jorgezanoni.com.br\/2019\/wp-json\/wp\/v2\/media\/64581"}],"wp:attachment":[{"href":"https:\/\/jorgezanoni.com.br\/2019\/wp-json\/wp\/v2\/media?parent=64577"}],"wp:term":[{"taxonomy":"category","embeddable":true,"href":"https:\/\/jorgezanoni.com.br\/2019\/wp-json\/wp\/v2\/categories?post=64577"},{"taxonomy":"post_tag","embeddable":true,"href":"https:\/\/jorgezanoni.com.br\/2019\/wp-json\/wp\/v2\/tags?post=64577"}],"curies":[{"name":"wp","href":"https:\/\/api.w.org\/{rel}","templated":true}]}}