{"id":64561,"date":"2022-06-06T21:40:26","date_gmt":"2022-06-06T21:40:26","guid":{"rendered":"https:\/\/jorgezanoni.com.br\/2019\/?p=64561"},"modified":"2022-06-07T01:08:55","modified_gmt":"2022-06-07T01:08:55","slug":"secretaria-de-assuntos-viarios-esta-retirando-estacionamento-das-farmacias-de-dracena1","status":"publish","type":"post","link":"https:\/\/jorgezanoni.com.br\/2019\/secretaria-de-assuntos-viarios-esta-retirando-estacionamento-das-farmacias-de-dracena1\/","title":{"rendered":"Secretaria de Assuntos Vi\u00e1rios est\u00e1 retirando estacionamento das Farm\u00e1cias de Dracena"},"content":{"rendered":"<p style=\"text-align: justify;\"><strong>Farmac\u00eauticos devem comparecer na C\u00e2mara Municipal de Dracena na noite desta segunda-feira (6) para pedir apoio dos Vereadores.<\/strong><\/p>\n<p style=\"text-align: justify;\">Segundo eles ser\u00e1 a primeira cidade do Brasil a tomar tal medida. A informa\u00e7\u00e3o que tiveram \u00e9 que o estacionamento n\u00e3o \u00e9 regulamentado.<\/p>\n<p style=\"text-align: justify;\">Mas haver\u00e1 de ter um bom censo entre esses comerciantes, municipalidade e Minist\u00e9rio P\u00fablico, pois atendem muitos casos de urg\u00eancia, inclusive ambul\u00e2ncias e as vezes at\u00e9 desafogam atendimentos do SUS.<\/p>\n<p style=\"text-align: justify;\">Seria mais interessante retirar estacionamentos de outros tipos de com\u00e9rcio que tem essa &#8220;prioridade&#8221; na cidade.<\/p>\n<p style=\"text-align: justify;\">O Site JZ est\u00e1 aberto para o pronunciamento de todas as partes, e espera que haja um bom entendimento que fique bom para todos.<\/p>\n<p>Jorge Zanoni<\/p>\n<p><img loading=\"lazy\" decoding=\"async\" class=\"alignnone size-full wp-image-64562\" src=\"https:\/\/jorgezanoni.com.br\/2019\/wp-content\/uploads\/2022\/06\/farmacia.jpg\" alt=\"\" width=\"1024\" height=\"449\" srcset=\"https:\/\/jorgezanoni.com.br\/2019\/wp-content\/uploads\/2022\/06\/farmacia.jpg 1024w, https:\/\/jorgezanoni.com.br\/2019\/wp-content\/uploads\/2022\/06\/farmacia-300x132.jpg 300w, https:\/\/jorgezanoni.com.br\/2019\/wp-content\/uploads\/2022\/06\/farmacia-768x337.jpg 768w, https:\/\/jorgezanoni.com.br\/2019\/wp-content\/uploads\/2022\/06\/farmacia-696x305.jpg 696w, https:\/\/jorgezanoni.com.br\/2019\/wp-content\/uploads\/2022\/06\/farmacia-958x420.jpg 958w\" sizes=\"auto, (max-width: 1024px) 100vw, 1024px\" \/><\/p>\n<p><strong>COMUNICADO RECEBIDO POR FARMAC\u00caUTICO:<\/strong><\/p>\n<p style=\"text-align: justify;\">O munic\u00edpio est\u00e1 atendendo ao Minist\u00e9rio P\u00fablico, uma vez que n\u00e3o h\u00e1 legisla\u00e7\u00e3o que permita estas vagas exclusivas.<br \/>\nO assunto n\u00e3o foi e n\u00e3o ser\u00e1 debatido com a associa\u00e7\u00e3o da categoria de voc\u00eas, pois trata de uma ilegalidade que est\u00e1 sendo reparada.<br \/>\nN\u00f3s tentamos como pudemos impedir isto, inclusive mandei para a C\u00e2mara Municipal uma Lei para regulamentar as vagas de farm\u00e1cia, j\u00e1 que n\u00e3o existia esta Lei e a mesma foi retirada por inconstitucionalidade. Somente o Governo Federal tem compet\u00eancia para legislar sobre vagas exclusivas.<br \/>\nResumindo, n\u00e3o foi iniciativa nossa retirar tais placas, e n\u00f3s tentamos uma solu\u00e7\u00e3o alternativa para mant\u00ea-las, por\u00e9m n\u00e3o tivemos como fazer.<br \/>\nSua postagem soa acusat\u00f3ria justamente contra o governo que tentou proteger voc\u00eas e a popula\u00e7\u00e3o.<br \/>\nPe\u00e7o gentilmente reconsiderar sua postagem e conhecer melhor o que de fato aconteceu antes irresponsavelmente de atirar pedras e solicitar compartilhamentos para que outras pessoas fa\u00e7am o mesmo.<\/p>\n<p style=\"text-align: justify;\"><strong>Veja na \u00edntegra a nota abaixo da APFDD:<\/strong><\/p>\n<p style=\"text-align: justify;\">Informe de Utilidade P\u00fablica<\/p>\n<p style=\"text-align: justify;\">Nobres colegas e concidad\u00e3os de Dracena<\/p>\n<p style=\"text-align: justify;\">Hoje fomos pegos com a secretaria de tr\u00e2nsito do munic\u00edpio retirando as demarca\u00e7\u00f5es das vagas das Farm\u00e1cias e Drogarias de nossa cidade.<br \/>\nO referido assunto n\u00e3o foi debatido com a associa\u00e7\u00e3o que representa a categoria.<br \/>\nCabe ressaltar que farm\u00e1cia n\u00e3o \u00e9 com\u00e9rcio e sim estabelecimento de sa\u00fade.<br \/>\nDamos aten\u00e7\u00e3o b\u00e1sica a todo cidad\u00e3o e desde sempre fizemos pr\u00e9-atendimento e encaminhamento a institui\u00e7\u00f5es b\u00e1sicas de sa\u00fade ou m\u00e9dicos privados.<br \/>\nA vaga de estacionamento reservada defronte a farm\u00e1cia n\u00e3o \u00e9 uma vaga para atender o estabelecimento e sim ao mun\u00edcipe em situa\u00e7\u00e3o de fragilidade que procura auxilio a uma demanda de sa\u00fade.<br \/>\nA retirada da mesma \u00e9 uma afronta ao direito \u00e0 sa\u00fade do Cidad\u00e3o que j\u00e1 \u00e9 extremamente fr\u00e1gil no que tange a sa\u00fade p\u00fablica.<br \/>\nA &#8220;Associa\u00e7\u00e3o dos Propriet\u00e1rios de farm\u00e1cia de Dracena&#8221; repudia essa a\u00e7\u00e3o do Poder Executivo.<br \/>\nEsperamos que nosso poder executivo se sensibilize com a car\u00eancia do sistema p\u00fablico de sa\u00fade e entenda que estabelecimento prim\u00e1rio de sa\u00fade alivia em muito a demanda do SUS a ajuda sobremaneira a uma necessidade do Dracenense.<\/p>\n<p style=\"text-align: justify;\">APFDD<\/p>\n<p style=\"text-align: justify;\">Pelo menos seremos exclusivos em alguma coisa.<br \/>\nA \u00fanica cidade do Brasil que farm\u00e1cia n\u00e3o \u00e9 decentemente tratada pelo Poder P\u00fablico.<\/p>\n<p><strong>OFICIO DO MINIST\u00c9RIO P\u00daBLICO AO PREFEITO MUNICIPAL.<\/strong><\/p>\n<p><img loading=\"lazy\" decoding=\"async\" class=\"alignnone size-full wp-image-64593\" src=\"https:\/\/jorgezanoni.com.br\/2019\/wp-content\/uploads\/2022\/06\/oficio-2.jpg\" alt=\"\" width=\"714\" height=\"1211\" srcset=\"https:\/\/jorgezanoni.com.br\/2019\/wp-content\/uploads\/2022\/06\/oficio-2.jpg 714w, https:\/\/jorgezanoni.com.br\/2019\/wp-content\/uploads\/2022\/06\/oficio-2-177x300.jpg 177w, https:\/\/jorgezanoni.com.br\/2019\/wp-content\/uploads\/2022\/06\/oficio-2-604x1024.jpg 604w, https:\/\/jorgezanoni.com.br\/2019\/wp-content\/uploads\/2022\/06\/oficio-2-696x1180.jpg 696w, https:\/\/jorgezanoni.com.br\/2019\/wp-content\/uploads\/2022\/06\/oficio-2-248x420.jpg 248w\" sizes=\"auto, (max-width: 714px) 100vw, 714px\" \/><\/p>\n<p><strong>ESTACIONAMENTO EXCLUSIVO PARA CLIENTES, O QUE DIZ A LEI. (Veja o link na \u00edntegra).<\/strong><\/p>\n<p>https:\/\/grupootimiza.com.br\/estacionamento-privativo-para-clientes-o-que-diz-a-lei\/<\/p>\n","protected":false},"excerpt":{"rendered":"<p>Farmac\u00eauticos devem comparecer na C\u00e2mara Municipal de Dracena na noite desta segunda-feira (6) para pedir apoio dos Vereadores. Segundo eles ser\u00e1 a primeira cidade do Brasil a tomar tal medida. A informa\u00e7\u00e3o que tiveram \u00e9 que o estacionamento n\u00e3o \u00e9 regulamentado. Mas haver\u00e1 de ter um bom censo entre esses comerciantes, municipalidade e Minist\u00e9rio P\u00fablico, [&hellip;]<\/p>\n","protected":false},"author":1,"featured_media":64563,"comment_status":"closed","ping_status":"open","sticky":false,"template":"","format":"standard","meta":{"footnotes":""},"categories":[179,184,110],"tags":[],"class_list":["post-64561","post","type-post","status-publish","format-standard","has-post-thumbnail","hentry","category-cidadeseregiao","category-dracena","category-noticiasdestaque"],"_links":{"self":[{"href":"https:\/\/jorgezanoni.com.br\/2019\/wp-json\/wp\/v2\/posts\/64561","targetHints":{"allow":["GET"]}}],"collection":[{"href":"https:\/\/jorgezanoni.com.br\/2019\/wp-json\/wp\/v2\/posts"}],"about":[{"href":"https:\/\/jorgezanoni.com.br\/2019\/wp-json\/wp\/v2\/types\/post"}],"author":[{"embeddable":true,"href":"https:\/\/jorgezanoni.com.br\/2019\/wp-json\/wp\/v2\/users\/1"}],"replies":[{"embeddable":true,"href":"https:\/\/jorgezanoni.com.br\/2019\/wp-json\/wp\/v2\/comments?post=64561"}],"version-history":[{"count":0,"href":"https:\/\/jorgezanoni.com.br\/2019\/wp-json\/wp\/v2\/posts\/64561\/revisions"}],"wp:featuredmedia":[{"embeddable":true,"href":"https:\/\/jorgezanoni.com.br\/2019\/wp-json\/wp\/v2\/media\/64563"}],"wp:attachment":[{"href":"https:\/\/jorgezanoni.com.br\/2019\/wp-json\/wp\/v2\/media?parent=64561"}],"wp:term":[{"taxonomy":"category","embeddable":true,"href":"https:\/\/jorgezanoni.com.br\/2019\/wp-json\/wp\/v2\/categories?post=64561"},{"taxonomy":"post_tag","embeddable":true,"href":"https:\/\/jorgezanoni.com.br\/2019\/wp-json\/wp\/v2\/tags?post=64561"}],"curies":[{"name":"wp","href":"https:\/\/api.w.org\/{rel}","templated":true}]}}