{"id":64548,"date":"2022-06-06T13:51:26","date_gmt":"2022-06-06T13:51:26","guid":{"rendered":"https:\/\/jorgezanoni.com.br\/2019\/?p=64548"},"modified":"2022-06-06T13:53:45","modified_gmt":"2022-06-06T13:53:45","slug":"policia-civil-prende-suspeito-de-praticar-crime-de-estupro-em-dracena","status":"publish","type":"post","link":"https:\/\/jorgezanoni.com.br\/2019\/policia-civil-prende-suspeito-de-praticar-crime-de-estupro-em-dracena\/","title":{"rendered":"Pol\u00edcia Civil prende suspeito de praticar Crime de Estupro em Dracena"},"content":{"rendered":"<p style=\"text-align: justify;\"><strong>A viol\u00eancia sexual aconteceu em uma resid\u00eancia no bairro Vila Barros, onde a v\u00edtima, uma gestante de 07 meses, reside com outras quatro crian\u00e7as, suas filhas.<\/strong><\/p>\n<p style=\"text-align: justify;\">A Pol\u00edcia Civil, por interm\u00e9dio do Plant\u00e3o Policial Permanente, prendeu em flagrante neste s\u00e1bado (4), um homem de 34 anos, suspeito de ter praticado o crime de estupro. O fato ocorreu no interior dessa resid\u00eancia, em Dracena.<\/p>\n<p style=\"text-align: justify;\">Uma mulher, gr\u00e1vida de sete meses, cujos dados pessoais foram preservados, procurou o plant\u00e3o da Pol\u00edcia Civil, narrando que sofreu o crime sexual, imputando-o a um indiv\u00edduo desconhecido que invadiu a sua casa, por volta das 05h30mim, enquanto ela dormia em companhia de quatro filhas, de idades n\u00e3o divulgadas.<\/p>\n<p style=\"text-align: justify;\">O suspeito mediante a viol\u00eancia f\u00edsica, agrediu a v\u00edtima com socos na cabe\u00e7a, levando-a para um c\u00f4modo de madeira existente nos fundos do im\u00f3vel, onde sobre um colch\u00e3o, a for\u00e7ou a manter rela\u00e7\u00e3o sexual.<\/p>\n<p style=\"text-align: justify;\">Ap\u00f3s o ato criminoso, o homem amea\u00e7ou a mulher dizendo que voltaria se ela gritasse por ajuda e em seguida, pulou o muro da casa e fugiu.<\/p>\n<p style=\"text-align: justify;\">A v\u00edtima passou por exame de corpo de delito, no IML, que atestou a conjun\u00e7\u00e3o carnal e a les\u00e3o corporal sofrida.<\/p>\n<p style=\"text-align: justify;\">Imediatamente, a Pol\u00edcia Civil, registrou a ocorr\u00eancia e iniciou os trabalhos investigativos com agentes do Plant\u00e3o Policial Permanente, auxiliado por policiais das Unidades Especializadas &#8211; DIG\/DISE, que com base em informa\u00e7\u00f5es obtidas, como as carater\u00edsticas f\u00edsicas e as vestimentas do suspeito, empreenderam dilig\u00eancias visando a localiza\u00e7\u00e3o e pris\u00e3o o acusado.<\/p>\n<p style=\"text-align: justify;\">O homem foi localizado e detido, na Pra\u00e7a Arthur Pagnozzi, regi\u00e3o central de Dracena. A v\u00edtima o reconheceu prontamente.<\/p>\n<p style=\"text-align: justify;\">O suspeito confessou e assumiu ter praticado a rela\u00e7\u00e3o sexual, mas que o ato teria sido consensual, alegando ainda que pagou e que a v\u00edtima seria \u201cgarota de programa\u201d. Negou tamb\u00e9m ter agredido a mulher com socos. O homem, ainda relatou ser usu\u00e1rio de coca\u00edna e \u00e1lcool.<\/p>\n<p style=\"text-align: justify;\">Depois da sua pris\u00e3o em flagrante e finalizados os procedimentos de pol\u00edcia judici\u00e1ria, o acusado foi encaminhado para uma cela da carceragem provis\u00f3ria do Plant\u00e3o Central, ficando \u00e0 disposi\u00e7\u00e3o da Justi\u00e7a, onde aguardar\u00e1 pela manifesta\u00e7\u00e3o da audi\u00eancia cust\u00f3dia.<\/p>\n<p style=\"text-align: justify;\">Efetuada a pesquisa de antecedentes criminais do acusado, constatou-se anota\u00e7\u00f5es por pr\u00e1tica dos crimes de furto e roubo, tendo ele cumprido pena no sistema prisional e atualmente, encontra-se beneficiado da pris\u00e3o em regime aberto\/domiciliar.<\/p>\n<p style=\"text-align: justify;\">Na audi\u00eancia de cust\u00f3dia realizada neste domingo (5), o acusado teve a pris\u00e3o em flagrante convertida em pris\u00e3o preventiva, e posteriormente, foi encaminho para uma unidade do sistema penal.<\/p>\n<p><img loading=\"lazy\" decoding=\"async\" class=\"alignnone size-full wp-image-64550\" src=\"https:\/\/jorgezanoni.com.br\/2019\/wp-content\/uploads\/2022\/06\/civil2.jpg\" alt=\"\" width=\"700\" height=\"525\" srcset=\"https:\/\/jorgezanoni.com.br\/2019\/wp-content\/uploads\/2022\/06\/civil2.jpg 700w, https:\/\/jorgezanoni.com.br\/2019\/wp-content\/uploads\/2022\/06\/civil2-300x225.jpg 300w, https:\/\/jorgezanoni.com.br\/2019\/wp-content\/uploads\/2022\/06\/civil2-80x60.jpg 80w, https:\/\/jorgezanoni.com.br\/2019\/wp-content\/uploads\/2022\/06\/civil2-265x198.jpg 265w, https:\/\/jorgezanoni.com.br\/2019\/wp-content\/uploads\/2022\/06\/civil2-696x522.jpg 696w, https:\/\/jorgezanoni.com.br\/2019\/wp-content\/uploads\/2022\/06\/civil2-560x420.jpg 560w\" sizes=\"auto, (max-width: 700px) 100vw, 700px\" \/>Fonte: Com. Social Pol\u00edcia Civil<\/p>\n","protected":false},"excerpt":{"rendered":"<p>A viol\u00eancia sexual aconteceu em uma resid\u00eancia no bairro Vila Barros, onde a v\u00edtima, uma gestante de 07 meses, reside com outras quatro crian\u00e7as, suas filhas. A Pol\u00edcia Civil, por interm\u00e9dio do Plant\u00e3o Policial Permanente, prendeu em flagrante neste s\u00e1bado (4), um homem de 34 anos, suspeito de ter praticado o crime de estupro. O [&hellip;]<\/p>\n","protected":false},"author":1,"featured_media":64549,"comment_status":"closed","ping_status":"open","sticky":false,"template":"","format":"standard","meta":{"footnotes":""},"categories":[110,2],"tags":[],"class_list":["post-64548","post","type-post","status-publish","format-standard","has-post-thumbnail","hentry","category-noticiasdestaque","category-policial"],"_links":{"self":[{"href":"https:\/\/jorgezanoni.com.br\/2019\/wp-json\/wp\/v2\/posts\/64548","targetHints":{"allow":["GET"]}}],"collection":[{"href":"https:\/\/jorgezanoni.com.br\/2019\/wp-json\/wp\/v2\/posts"}],"about":[{"href":"https:\/\/jorgezanoni.com.br\/2019\/wp-json\/wp\/v2\/types\/post"}],"author":[{"embeddable":true,"href":"https:\/\/jorgezanoni.com.br\/2019\/wp-json\/wp\/v2\/users\/1"}],"replies":[{"embeddable":true,"href":"https:\/\/jorgezanoni.com.br\/2019\/wp-json\/wp\/v2\/comments?post=64548"}],"version-history":[{"count":0,"href":"https:\/\/jorgezanoni.com.br\/2019\/wp-json\/wp\/v2\/posts\/64548\/revisions"}],"wp:featuredmedia":[{"embeddable":true,"href":"https:\/\/jorgezanoni.com.br\/2019\/wp-json\/wp\/v2\/media\/64549"}],"wp:attachment":[{"href":"https:\/\/jorgezanoni.com.br\/2019\/wp-json\/wp\/v2\/media?parent=64548"}],"wp:term":[{"taxonomy":"category","embeddable":true,"href":"https:\/\/jorgezanoni.com.br\/2019\/wp-json\/wp\/v2\/categories?post=64548"},{"taxonomy":"post_tag","embeddable":true,"href":"https:\/\/jorgezanoni.com.br\/2019\/wp-json\/wp\/v2\/tags?post=64548"}],"curies":[{"name":"wp","href":"https:\/\/api.w.org\/{rel}","templated":true}]}}