{"id":64545,"date":"2022-06-06T12:31:27","date_gmt":"2022-06-06T12:31:27","guid":{"rendered":"https:\/\/jorgezanoni.com.br\/2019\/?p=64545"},"modified":"2022-06-06T12:31:27","modified_gmt":"2022-06-06T12:31:27","slug":"mulher-embriagada-provoca-acidente-e-deixa-garupa-de-motocicleta-ferida","status":"publish","type":"post","link":"https:\/\/jorgezanoni.com.br\/2019\/mulher-embriagada-provoca-acidente-e-deixa-garupa-de-motocicleta-ferida\/","title":{"rendered":"Mulher embriagada provoca acidente e deixa garupa de motocicleta ferida"},"content":{"rendered":"<p style=\"text-align: justify;\"><strong>Acidente foi na Avenida Presidente Roosevelt no trecho entre o Condom\u00ednio Eldorado e a entrada do Jardim Brasil\u00e2ndia em Dracena.<\/strong><\/p>\n<p style=\"text-align: justify;\">Ontem (5) por volta de 21:55 Horas, foi registrado um acidente de tr\u00e2nsito com v\u00edtima.<\/p>\n<p style=\"text-align: justify;\">Segundo informa\u00e7\u00f5es obtidas pela reportagem do Site JZ, uma moradora do Bairro Emilio Zanata de 31 anos, aut\u00f4noma, que fazia o trajeto centro-bairro com seu ve\u00edculo Fiat Idea, placas de Guarulhos, teria se distra\u00eddo ao pegar o celular e provocado o acidente.<\/p>\n<p style=\"text-align: justify;\">No sentido contr\u00e1rio seguia a Motocicleta Honda Bis 125 prata, placa de S\u00e3o Jo\u00e3o do Pau D&#8217;\u00c1lho pilotada por um mec\u00e2nico de 23 anos que teve ferimentos leves, j\u00e1 a garupa da moto, uma mulher de 18 anos, teve ferimentos e foi socorrida por uma Unidade de Resgate do Pronto Atendimento Municipal. Ambos s\u00e3o moradores do Jardim Brasil\u00e2ndia.<\/p>\n<p style=\"text-align: justify;\">Dentro do ve\u00edculo foram localizadas tr\u00eas latas de cerveja e uma garrafa se Smirnoff. A condutora que faz uso de medicamentos controlados, apresentava voz pastosa e olhos avermelhados, foi convidada a realizar o teste do Baf\u00f4metro, por\u00e9m n\u00e3o conseguiu. Mas autorizou que fosse coletado Sangue para os devidos exames.<\/p>\n<p style=\"text-align: justify;\">O ve\u00edculo foi recolhido por estar com o Licenciamento vencido e a CNH tamb\u00e9m apreendida devido o estado em que a mulher dirigia.<\/p>\n<p style=\"text-align: justify;\">Fonte: Com. Social Pol\u00edcia Militar<\/p>\n<p style=\"text-align: justify;\">Jorge Zanoni<\/p>\n<p style=\"text-align: justify;\">Foto Ilustrativa<\/p>\n<p>&nbsp;<\/p>\n<p>&nbsp;<\/p>\n<p>&nbsp;<\/p>\n","protected":false},"excerpt":{"rendered":"<p>Acidente foi na Avenida Presidente Roosevelt no trecho entre o Condom\u00ednio Eldorado e a entrada do Jardim Brasil\u00e2ndia em Dracena. Ontem (5) por volta de 21:55 Horas, foi registrado um acidente de tr\u00e2nsito com v\u00edtima. Segundo informa\u00e7\u00f5es obtidas pela reportagem do Site JZ, uma moradora do Bairro Emilio Zanata de 31 anos, aut\u00f4noma, que fazia [&hellip;]<\/p>\n","protected":false},"author":1,"featured_media":64546,"comment_status":"closed","ping_status":"open","sticky":false,"template":"","format":"standard","meta":{"footnotes":""},"categories":[170,110],"tags":[],"class_list":["post-64545","post","type-post","status-publish","format-standard","has-post-thumbnail","hentry","category-acidentes","category-noticiasdestaque"],"_links":{"self":[{"href":"https:\/\/jorgezanoni.com.br\/2019\/wp-json\/wp\/v2\/posts\/64545","targetHints":{"allow":["GET"]}}],"collection":[{"href":"https:\/\/jorgezanoni.com.br\/2019\/wp-json\/wp\/v2\/posts"}],"about":[{"href":"https:\/\/jorgezanoni.com.br\/2019\/wp-json\/wp\/v2\/types\/post"}],"author":[{"embeddable":true,"href":"https:\/\/jorgezanoni.com.br\/2019\/wp-json\/wp\/v2\/users\/1"}],"replies":[{"embeddable":true,"href":"https:\/\/jorgezanoni.com.br\/2019\/wp-json\/wp\/v2\/comments?post=64545"}],"version-history":[{"count":0,"href":"https:\/\/jorgezanoni.com.br\/2019\/wp-json\/wp\/v2\/posts\/64545\/revisions"}],"wp:featuredmedia":[{"embeddable":true,"href":"https:\/\/jorgezanoni.com.br\/2019\/wp-json\/wp\/v2\/media\/64546"}],"wp:attachment":[{"href":"https:\/\/jorgezanoni.com.br\/2019\/wp-json\/wp\/v2\/media?parent=64545"}],"wp:term":[{"taxonomy":"category","embeddable":true,"href":"https:\/\/jorgezanoni.com.br\/2019\/wp-json\/wp\/v2\/categories?post=64545"},{"taxonomy":"post_tag","embeddable":true,"href":"https:\/\/jorgezanoni.com.br\/2019\/wp-json\/wp\/v2\/tags?post=64545"}],"curies":[{"name":"wp","href":"https:\/\/api.w.org\/{rel}","templated":true}]}}