{"id":64516,"date":"2022-06-05T22:32:41","date_gmt":"2022-06-05T22:32:41","guid":{"rendered":"https:\/\/jorgezanoni.com.br\/2019\/?p=64516"},"modified":"2022-06-06T00:31:40","modified_gmt":"2022-06-06T00:31:40","slug":"policial-venceslauense-morre-apos-capotar-carro-em-rodovia-proximo-de-euclides-da-cunha","status":"publish","type":"post","link":"https:\/\/jorgezanoni.com.br\/2019\/policial-venceslauense-morre-apos-capotar-carro-em-rodovia-proximo-de-euclides-da-cunha\/","title":{"rendered":"Policial venceslauense morre ap\u00f3s capotar carro em rodovia pr\u00f3ximo de Euclides da Cunha"},"content":{"rendered":"<p style=\"text-align: justify;\">Faleceu na tarde deste domingo (05) o venceslauense Lucio Fernandes Lima Kruger. Ele era policial militar e tinha 26 anos de idade. L\u00facio estava na dire\u00e7\u00e3o de um ve\u00edculo Mitsubishi Lancer que capotou na Rodovia Arlindo B\u00e9ttio, no Km 37, pr\u00f3ximo a cidade de Euclides da Cunha Paulista. A ocorr\u00eancia foi registrada por volta das 13h18.<\/p>\n<p style=\"text-align: justify;\">As autoridades policiais foram acionada por um caminhoneiro que visualizou o ve\u00edculo capotado no matagal ao lado da rodovia. A Pol\u00edcia Rodovi\u00e1ria relatou que ve\u00edculos de passeio n\u00e3o conseguiram avistar o carro capotado em fun\u00e7\u00e3o do mato alto, e a suspeita \u00e9 que o acidente tenha ocorrido horas antes da comunica\u00e7\u00e3o.<\/p>\n<p style=\"text-align: justify;\">De acordo com informa\u00e7\u00f5es apuradas pelo<em><strong>\u00a0PORTAL BUENO,<\/strong><\/em>\u00a0o policial estava de folga no momento do acidente, por\u00e9m, estava escalado para cumprir turno no per\u00edodo noturno na cidade de Teodoro Sampaio. Dentro do carro foram encontrados equipamento bal\u00edstico e fardamento do policial.<\/p>\n<p style=\"text-align: justify;\">L\u00facio era casado e pai de uma filha de 01 ano de idade. O 42\u00ba Batalh\u00e3o da Pol\u00edcia Militar, com sede em Presidente Venceslau, emitiu nota em que lamenta a morte do policial.<\/p>\n<p style=\"text-align: justify;\"><strong>Vel\u00f3rio e sepultamento<\/strong><br \/>\nO corpo de L\u00facio ser\u00e1 velado na Organiza\u00e7\u00e3o Presidente na noite deste domingo. O sepultamento do policial deve ocorrer no cemit\u00e9rio de Presidente Venceslau nesta segunda-feira (06) em hor\u00e1rio a ser determinado pela fam\u00edlia.<\/p>\n<p>Fonte: Portal Bueno<\/p>\n<p><img loading=\"lazy\" decoding=\"async\" class=\"alignnone size-full wp-image-64519\" src=\"https:\/\/jorgezanoni.com.br\/2019\/wp-content\/uploads\/2022\/06\/soldado.jpg\" alt=\"\" width=\"850\" height=\"455\" srcset=\"https:\/\/jorgezanoni.com.br\/2019\/wp-content\/uploads\/2022\/06\/soldado.jpg 850w, https:\/\/jorgezanoni.com.br\/2019\/wp-content\/uploads\/2022\/06\/soldado-300x161.jpg 300w, https:\/\/jorgezanoni.com.br\/2019\/wp-content\/uploads\/2022\/06\/soldado-768x411.jpg 768w, https:\/\/jorgezanoni.com.br\/2019\/wp-content\/uploads\/2022\/06\/soldado-696x373.jpg 696w, https:\/\/jorgezanoni.com.br\/2019\/wp-content\/uploads\/2022\/06\/soldado-785x420.jpg 785w\" sizes=\"auto, (max-width: 850px) 100vw, 850px\" \/> <img loading=\"lazy\" decoding=\"async\" class=\"alignnone size-full wp-image-64520\" src=\"https:\/\/jorgezanoni.com.br\/2019\/wp-content\/uploads\/2022\/06\/soldado1.jpg\" alt=\"\" width=\"870\" height=\"561\" srcset=\"https:\/\/jorgezanoni.com.br\/2019\/wp-content\/uploads\/2022\/06\/soldado1.jpg 870w, https:\/\/jorgezanoni.com.br\/2019\/wp-content\/uploads\/2022\/06\/soldado1-300x193.jpg 300w, https:\/\/jorgezanoni.com.br\/2019\/wp-content\/uploads\/2022\/06\/soldado1-768x495.jpg 768w, https:\/\/jorgezanoni.com.br\/2019\/wp-content\/uploads\/2022\/06\/soldado1-696x449.jpg 696w, https:\/\/jorgezanoni.com.br\/2019\/wp-content\/uploads\/2022\/06\/soldado1-651x420.jpg 651w\" sizes=\"auto, (max-width: 870px) 100vw, 870px\" \/> <img loading=\"lazy\" decoding=\"async\" class=\"alignnone size-full wp-image-64522\" src=\"https:\/\/jorgezanoni.com.br\/2019\/wp-content\/uploads\/2022\/06\/soldado2.jpg\" alt=\"\" width=\"719\" height=\"1280\" srcset=\"https:\/\/jorgezanoni.com.br\/2019\/wp-content\/uploads\/2022\/06\/soldado2.jpg 719w, https:\/\/jorgezanoni.com.br\/2019\/wp-content\/uploads\/2022\/06\/soldado2-169x300.jpg 169w, https:\/\/jorgezanoni.com.br\/2019\/wp-content\/uploads\/2022\/06\/soldado2-575x1024.jpg 575w, https:\/\/jorgezanoni.com.br\/2019\/wp-content\/uploads\/2022\/06\/soldado2-696x1239.jpg 696w, https:\/\/jorgezanoni.com.br\/2019\/wp-content\/uploads\/2022\/06\/soldado2-236x420.jpg 236w\" sizes=\"auto, (max-width: 719px) 100vw, 719px\" \/>Fotos PMR\/Cedida<\/p>\n<p style=\"text-align: justify;\">\n","protected":false},"excerpt":{"rendered":"<p>Faleceu na tarde deste domingo (05) o venceslauense Lucio Fernandes Lima Kruger. Ele era policial militar e tinha 26 anos de idade. L\u00facio estava na dire\u00e7\u00e3o de um ve\u00edculo Mitsubishi Lancer que capotou na Rodovia Arlindo B\u00e9ttio, no Km 37, pr\u00f3ximo a cidade de Euclides da Cunha Paulista. A ocorr\u00eancia foi registrada por volta das [&hellip;]<\/p>\n","protected":false},"author":1,"featured_media":64517,"comment_status":"closed","ping_status":"open","sticky":false,"template":"","format":"standard","meta":{"footnotes":""},"categories":[170,110],"tags":[],"class_list":["post-64516","post","type-post","status-publish","format-standard","has-post-thumbnail","hentry","category-acidentes","category-noticiasdestaque"],"_links":{"self":[{"href":"https:\/\/jorgezanoni.com.br\/2019\/wp-json\/wp\/v2\/posts\/64516","targetHints":{"allow":["GET"]}}],"collection":[{"href":"https:\/\/jorgezanoni.com.br\/2019\/wp-json\/wp\/v2\/posts"}],"about":[{"href":"https:\/\/jorgezanoni.com.br\/2019\/wp-json\/wp\/v2\/types\/post"}],"author":[{"embeddable":true,"href":"https:\/\/jorgezanoni.com.br\/2019\/wp-json\/wp\/v2\/users\/1"}],"replies":[{"embeddable":true,"href":"https:\/\/jorgezanoni.com.br\/2019\/wp-json\/wp\/v2\/comments?post=64516"}],"version-history":[{"count":0,"href":"https:\/\/jorgezanoni.com.br\/2019\/wp-json\/wp\/v2\/posts\/64516\/revisions"}],"wp:featuredmedia":[{"embeddable":true,"href":"https:\/\/jorgezanoni.com.br\/2019\/wp-json\/wp\/v2\/media\/64517"}],"wp:attachment":[{"href":"https:\/\/jorgezanoni.com.br\/2019\/wp-json\/wp\/v2\/media?parent=64516"}],"wp:term":[{"taxonomy":"category","embeddable":true,"href":"https:\/\/jorgezanoni.com.br\/2019\/wp-json\/wp\/v2\/categories?post=64516"},{"taxonomy":"post_tag","embeddable":true,"href":"https:\/\/jorgezanoni.com.br\/2019\/wp-json\/wp\/v2\/tags?post=64516"}],"curies":[{"name":"wp","href":"https:\/\/api.w.org\/{rel}","templated":true}]}}