{"id":64491,"date":"2022-06-05T16:04:43","date_gmt":"2022-06-05T16:04:43","guid":{"rendered":"https:\/\/jorgezanoni.com.br\/2019\/?p=64491"},"modified":"2022-06-05T16:04:43","modified_gmt":"2022-06-05T16:04:43","slug":"policia-militar-age-rapido-e-prende-homem-que-havia-acabado-de-furtar-veiculo-em-dracena","status":"publish","type":"post","link":"https:\/\/jorgezanoni.com.br\/2019\/policia-militar-age-rapido-e-prende-homem-que-havia-acabado-de-furtar-veiculo-em-dracena\/","title":{"rendered":"Pol\u00edcia Militar age r\u00e1pido e prende homem que havia acabado de furtar ve\u00edculo em Dracena"},"content":{"rendered":"<p style=\"text-align: justify;\"><strong>SEM CHANCE PARA O CRIME: POL\u00cdCIA MILITAR EM DRACENA EM R\u00c1PIDA RESPOSTA PRENDE EM FLAGRANTE AUTOR DE FURTO DE VE\u00cdCULO E O PROPRIET\u00c1RIO TEM SEU BEM DE VOLTA.<\/strong><\/p>\n<p style=\"text-align: justify;\">\nNa data de hoje (4) por volta das 18h19min a Pol\u00edcia Militar em Dracena foi acionada via Copom 190 para atendimento a ocorr\u00eancia de furto de ve\u00edculo que acabara de acontecer pela Avenida Rui Barbosa ao lado de uma padaria.<br \/>\nAo chegar no local do fato, realizado contato com o propriet\u00e1rio do ve\u00edculo ( homem 67 anos) declarou que estacionou seu ve\u00edculo VW Gol e foi a padaria comprar p\u00e3o e ao sair seu ve\u00edculo n\u00e3o se encontrava mais pelo local.<br \/>\nDurante o primeiro atendimento da ocorr\u00eancia (coleta de dados) o ve\u00edculo Gol produto de furto passou pela equipe da Pol\u00edcia Militar sentido Bairro Santa Clara, de imediato foi iniiciado o acompanhamento at\u00e9 a Rua Irradia\u00e7\u00e3o onde o indiciado ( homem 37 anos, morador em Dracena bairro T\u00f4nico Andr\u00e9) desembarcou abandonando o ve\u00edculo e saiu correndo, a equipe desembarcou da Viatura e correu atr\u00e1s do indiciado sendo alcan\u00e7ado e preso.<br \/>\nFoi constatado que o Indiciado utilizou um garfo como MICHA de fabrica\u00e7\u00e3o caseira para ligar o ve\u00edculo, que posteriormente foi devolvido ao propriet\u00e1rio.<\/p>\n<p><img loading=\"lazy\" decoding=\"async\" class=\"alignnone size-full wp-image-64492\" src=\"https:\/\/jorgezanoni.com.br\/2019\/wp-content\/uploads\/2022\/06\/Carro-2.jpg\" alt=\"\" width=\"629\" height=\"557\" srcset=\"https:\/\/jorgezanoni.com.br\/2019\/wp-content\/uploads\/2022\/06\/Carro-2.jpg 629w, https:\/\/jorgezanoni.com.br\/2019\/wp-content\/uploads\/2022\/06\/Carro-2-300x266.jpg 300w, https:\/\/jorgezanoni.com.br\/2019\/wp-content\/uploads\/2022\/06\/Carro-2-474x420.jpg 474w\" sizes=\"auto, (max-width: 629px) 100vw, 629px\" \/>(Foto de Internauta)<\/p>\n<p><img loading=\"lazy\" decoding=\"async\" class=\"alignnone size-full wp-image-64494\" src=\"https:\/\/jorgezanoni.com.br\/2019\/wp-content\/uploads\/2022\/06\/carro2-2.jpg\" alt=\"\" width=\"279\" height=\"498\" srcset=\"https:\/\/jorgezanoni.com.br\/2019\/wp-content\/uploads\/2022\/06\/carro2-2.jpg 279w, https:\/\/jorgezanoni.com.br\/2019\/wp-content\/uploads\/2022\/06\/carro2-2-168x300.jpg 168w, https:\/\/jorgezanoni.com.br\/2019\/wp-content\/uploads\/2022\/06\/carro2-2-235x420.jpg 235w\" sizes=\"auto, (max-width: 279px) 100vw, 279px\" \/><\/p>\n<p>#25BPMI<br \/>\n#CPI8<br \/>\n#POLICIAMILITARSP<br \/>\n#AFOR\u00c7APUBLICADES\u00c3OPAULO<\/p>\n","protected":false},"excerpt":{"rendered":"<p>SEM CHANCE PARA O CRIME: POL\u00cdCIA MILITAR EM DRACENA EM R\u00c1PIDA RESPOSTA PRENDE EM FLAGRANTE AUTOR DE FURTO DE VE\u00cdCULO E O PROPRIET\u00c1RIO TEM SEU BEM DE VOLTA. Na data de hoje (4) por volta das 18h19min a Pol\u00edcia Militar em Dracena foi acionada via Copom 190 para atendimento a ocorr\u00eancia de furto de ve\u00edculo [&hellip;]<\/p>\n","protected":false},"author":1,"featured_media":64493,"comment_status":"closed","ping_status":"open","sticky":false,"template":"","format":"standard","meta":{"footnotes":""},"categories":[110,2],"tags":[],"class_list":["post-64491","post","type-post","status-publish","format-standard","has-post-thumbnail","hentry","category-noticiasdestaque","category-policial"],"_links":{"self":[{"href":"https:\/\/jorgezanoni.com.br\/2019\/wp-json\/wp\/v2\/posts\/64491","targetHints":{"allow":["GET"]}}],"collection":[{"href":"https:\/\/jorgezanoni.com.br\/2019\/wp-json\/wp\/v2\/posts"}],"about":[{"href":"https:\/\/jorgezanoni.com.br\/2019\/wp-json\/wp\/v2\/types\/post"}],"author":[{"embeddable":true,"href":"https:\/\/jorgezanoni.com.br\/2019\/wp-json\/wp\/v2\/users\/1"}],"replies":[{"embeddable":true,"href":"https:\/\/jorgezanoni.com.br\/2019\/wp-json\/wp\/v2\/comments?post=64491"}],"version-history":[{"count":0,"href":"https:\/\/jorgezanoni.com.br\/2019\/wp-json\/wp\/v2\/posts\/64491\/revisions"}],"wp:featuredmedia":[{"embeddable":true,"href":"https:\/\/jorgezanoni.com.br\/2019\/wp-json\/wp\/v2\/media\/64493"}],"wp:attachment":[{"href":"https:\/\/jorgezanoni.com.br\/2019\/wp-json\/wp\/v2\/media?parent=64491"}],"wp:term":[{"taxonomy":"category","embeddable":true,"href":"https:\/\/jorgezanoni.com.br\/2019\/wp-json\/wp\/v2\/categories?post=64491"},{"taxonomy":"post_tag","embeddable":true,"href":"https:\/\/jorgezanoni.com.br\/2019\/wp-json\/wp\/v2\/tags?post=64491"}],"curies":[{"name":"wp","href":"https:\/\/api.w.org\/{rel}","templated":true}]}}