{"id":64488,"date":"2022-06-05T15:44:30","date_gmt":"2022-06-05T15:44:30","guid":{"rendered":"https:\/\/jorgezanoni.com.br\/2019\/?p=64488"},"modified":"2022-06-05T15:44:30","modified_gmt":"2022-06-05T15:44:30","slug":"homem-e-preso-apos-danificar-todos-os-caixas-e-porta-do-banco-do-brasil-de-pacaembu","status":"publish","type":"post","link":"https:\/\/jorgezanoni.com.br\/2019\/homem-e-preso-apos-danificar-todos-os-caixas-e-porta-do-banco-do-brasil-de-pacaembu\/","title":{"rendered":"Homem \u00e9 preso ap\u00f3s danificar todos os caixas e porta do Banco do Brasil de Pacaembu"},"content":{"rendered":"<p style=\"text-align: justify;\"><strong>Um homem foi preso pela Pol\u00edcia Militar na madrugada deste domingo (5) ap\u00f3s danificar todos os caixas eletr\u00f4nicos e a porta da ag\u00eancia do Banco do Brasil de Pacaembu.<\/strong><\/p>\n<p style=\"text-align: justify;\">Segundo apurado pelo jornalismo Folha Regional, os policiais estavam em patrulhamento, por volta das 3h47, quando foram acionados pelo Centro de Opera\u00e7\u00f5es da Pol\u00edcia Militar o \u201cCopom\u201d, com informa\u00e7\u00f5es de que alarme da ag\u00eancia banc\u00e1ria havia disparado.<\/p>\n<p style=\"text-align: justify;\">Ao chegar no local, a equipe se deparou com o homem de quarenta anos que havia invadido a ag\u00eancia ap\u00f3s quebrar a fechadura da porta principal e danificou as telas dos cinco terminais eletr\u00f4nicos com o uso de um alicate.<\/p>\n<p style=\"text-align: justify;\">Consta no boletim de ocorr\u00eancia que o autor afirmava que\u00a0<em>\u201co banco era dele e que ele quebrava \u00e0 vontade\u201d.<\/em><\/p>\n<p style=\"text-align: justify;\">O autor recebeu voz de pris\u00e3o em flagrante e foi conduzido para o Plant\u00e3o de Pol\u00edcia onde a ocorr\u00eancia foi apresentada e ap\u00f3s os trabalhos policiais, foi arbitrada a fian\u00e7a no valor de R$ 1.212,00 que n\u00e3o foi paga, permanecendo o mesmo \u00e0 disposi\u00e7\u00e3o da Justi\u00e7a.<\/p>\n<p style=\"text-align: justify;\">Segundo informaram os militares, dias atr\u00e1s o homem j\u00e1 havia sido surpreendido no interior da ag\u00eancia, por\u00e9m, naquela ocasi\u00e3o, n\u00e3o havia danificado nada.<\/p>\n<p style=\"text-align: justify;\">Ainda segundo dados apresentados no boletim de ocorr\u00eancia, o autor reside em Pacaembu sozinho e possui problemas psiqui\u00e1tricos, por\u00e9m, n\u00e3o faz tratamento.<\/p>\n<p style=\"text-align: justify;\">A Per\u00edcia Cient\u00edfica foi acionada e compareceu ao local. A Pol\u00edcia Civil abriu inqu\u00e9rito e apura o caso.<\/p>\n<p style=\"text-align: justify;\">Fonte: Folha Regional<\/p>\n","protected":false},"excerpt":{"rendered":"<p>Um homem foi preso pela Pol\u00edcia Militar na madrugada deste domingo (5) ap\u00f3s danificar todos os caixas eletr\u00f4nicos e a porta da ag\u00eancia do Banco do Brasil de Pacaembu. Segundo apurado pelo jornalismo Folha Regional, os policiais estavam em patrulhamento, por volta das 3h47, quando foram acionados pelo Centro de Opera\u00e7\u00f5es da Pol\u00edcia Militar o [&hellip;]<\/p>\n","protected":false},"author":1,"featured_media":64489,"comment_status":"closed","ping_status":"open","sticky":false,"template":"","format":"standard","meta":{"footnotes":""},"categories":[110,2],"tags":[],"class_list":["post-64488","post","type-post","status-publish","format-standard","has-post-thumbnail","hentry","category-noticiasdestaque","category-policial"],"_links":{"self":[{"href":"https:\/\/jorgezanoni.com.br\/2019\/wp-json\/wp\/v2\/posts\/64488","targetHints":{"allow":["GET"]}}],"collection":[{"href":"https:\/\/jorgezanoni.com.br\/2019\/wp-json\/wp\/v2\/posts"}],"about":[{"href":"https:\/\/jorgezanoni.com.br\/2019\/wp-json\/wp\/v2\/types\/post"}],"author":[{"embeddable":true,"href":"https:\/\/jorgezanoni.com.br\/2019\/wp-json\/wp\/v2\/users\/1"}],"replies":[{"embeddable":true,"href":"https:\/\/jorgezanoni.com.br\/2019\/wp-json\/wp\/v2\/comments?post=64488"}],"version-history":[{"count":0,"href":"https:\/\/jorgezanoni.com.br\/2019\/wp-json\/wp\/v2\/posts\/64488\/revisions"}],"wp:featuredmedia":[{"embeddable":true,"href":"https:\/\/jorgezanoni.com.br\/2019\/wp-json\/wp\/v2\/media\/64489"}],"wp:attachment":[{"href":"https:\/\/jorgezanoni.com.br\/2019\/wp-json\/wp\/v2\/media?parent=64488"}],"wp:term":[{"taxonomy":"category","embeddable":true,"href":"https:\/\/jorgezanoni.com.br\/2019\/wp-json\/wp\/v2\/categories?post=64488"},{"taxonomy":"post_tag","embeddable":true,"href":"https:\/\/jorgezanoni.com.br\/2019\/wp-json\/wp\/v2\/tags?post=64488"}],"curies":[{"name":"wp","href":"https:\/\/api.w.org\/{rel}","templated":true}]}}