{"id":64430,"date":"2022-06-03T21:35:16","date_gmt":"2022-06-03T21:35:16","guid":{"rendered":"https:\/\/jorgezanoni.com.br\/2019\/?p=64430"},"modified":"2022-06-03T21:35:16","modified_gmt":"2022-06-03T21:35:16","slug":"apresentada-a-secretaria-de-agronegocio-de-dracena","status":"publish","type":"post","link":"https:\/\/jorgezanoni.com.br\/2019\/apresentada-a-secretaria-de-agronegocio-de-dracena\/","title":{"rendered":"Apresentada a Secret\u00e1ria de Agroneg\u00f3cio de Dracena"},"content":{"rendered":"<p style=\"text-align: justify;\">M\u00e1rcia Roberta Pereira de Freitas foi apresentada na manh\u00e3 desta sexta-feira, 3, como secret\u00e1ria do Agroneg\u00f3cio. O an\u00fancio foi feito pelo prefeito Andr\u00e9 Lemos que a nomeou para fazer parte do governo municipal.<\/p>\n<p style=\"text-align: justify;\">O prefeito reuniu todo o secretariado logo pela manh\u00e3 e fez a apresenta\u00e7\u00e3o. Andr\u00e9 explicou que o prop\u00f3sito de desmembrar a Secretaria de Agricultura \u2013 Limpeza P\u00fablica \u2013 Meio Ambiente criando apenas a do Agroneg\u00f3cio, visa um plano maior do munic\u00edpio quanto ao fomento da produ\u00e7\u00e3o no campo. \u201cNotamos que a Agricultura n\u00e3o estava tendo o reconhecimento e investimento que merece na nossa cidade, esperamos com a nova secretaria avan\u00e7ar muito no agroneg\u00f3cio em todos os sentidos, com certeza atraindo muitas coisas boas ao nossa munic\u00edpio e vagas de trabalho\u201d, comentou Andr\u00e9.<\/p>\n<p style=\"text-align: justify;\">M\u00e1rcia \u00e9 formada em Administra\u00e7\u00e3o pela Reges, \u00e9 t\u00e9cnica em Agropecu\u00e1ria pela ETEC Centro Paula Souza de Dracena (Prof\u00aa Carmelina Barbosa). \u00c9 servidora concursada do munic\u00edpio h\u00e1 12 anos e estava cedida para a Casa da Agricultura de Dracena desde 2010.<\/p>\n<p style=\"text-align: justify;\">A nova secret\u00e1ria ficou feliz com o reconhecimento e grata pelo convite; pretende desenvolver um intenso trabalho \u00e0 frente da nova secretaria e atender \u00e0s expectativas.<\/p>\n<p><img loading=\"lazy\" decoding=\"async\" class=\"alignnone size-full wp-image-64431\" src=\"https:\/\/jorgezanoni.com.br\/2019\/wp-content\/uploads\/2022\/06\/Marcia-1.jpg\" alt=\"\" width=\"800\" height=\"450\" srcset=\"https:\/\/jorgezanoni.com.br\/2019\/wp-content\/uploads\/2022\/06\/Marcia-1.jpg 800w, https:\/\/jorgezanoni.com.br\/2019\/wp-content\/uploads\/2022\/06\/Marcia-1-300x169.jpg 300w, https:\/\/jorgezanoni.com.br\/2019\/wp-content\/uploads\/2022\/06\/Marcia-1-768x432.jpg 768w, https:\/\/jorgezanoni.com.br\/2019\/wp-content\/uploads\/2022\/06\/Marcia-1-696x392.jpg 696w, https:\/\/jorgezanoni.com.br\/2019\/wp-content\/uploads\/2022\/06\/Marcia-1-747x420.jpg 747w\" sizes=\"auto, (max-width: 800px) 100vw, 800px\" \/> <img loading=\"lazy\" decoding=\"async\" class=\"alignnone size-full wp-image-64433\" src=\"https:\/\/jorgezanoni.com.br\/2019\/wp-content\/uploads\/2022\/06\/marcia2.jpg\" alt=\"\" width=\"800\" height=\"450\" srcset=\"https:\/\/jorgezanoni.com.br\/2019\/wp-content\/uploads\/2022\/06\/marcia2.jpg 800w, https:\/\/jorgezanoni.com.br\/2019\/wp-content\/uploads\/2022\/06\/marcia2-300x169.jpg 300w, https:\/\/jorgezanoni.com.br\/2019\/wp-content\/uploads\/2022\/06\/marcia2-768x432.jpg 768w, https:\/\/jorgezanoni.com.br\/2019\/wp-content\/uploads\/2022\/06\/marcia2-696x392.jpg 696w, https:\/\/jorgezanoni.com.br\/2019\/wp-content\/uploads\/2022\/06\/marcia2-747x420.jpg 747w\" sizes=\"auto, (max-width: 800px) 100vw, 800px\" \/>Fonte: Diretoria de Comunica\u00e7\u00e3o<\/p>\n","protected":false},"excerpt":{"rendered":"<p>M\u00e1rcia Roberta Pereira de Freitas foi apresentada na manh\u00e3 desta sexta-feira, 3, como secret\u00e1ria do Agroneg\u00f3cio. O an\u00fancio foi feito pelo prefeito Andr\u00e9 Lemos que a nomeou para fazer parte do governo municipal. O prefeito reuniu todo o secretariado logo pela manh\u00e3 e fez a apresenta\u00e7\u00e3o. Andr\u00e9 explicou que o prop\u00f3sito de desmembrar a Secretaria [&hellip;]<\/p>\n","protected":false},"author":1,"featured_media":64432,"comment_status":"closed","ping_status":"open","sticky":false,"template":"","format":"standard","meta":{"footnotes":""},"categories":[110,116],"tags":[],"class_list":["post-64430","post","type-post","status-publish","format-standard","has-post-thumbnail","hentry","category-noticiasdestaque","category-politicaeeconomia"],"_links":{"self":[{"href":"https:\/\/jorgezanoni.com.br\/2019\/wp-json\/wp\/v2\/posts\/64430","targetHints":{"allow":["GET"]}}],"collection":[{"href":"https:\/\/jorgezanoni.com.br\/2019\/wp-json\/wp\/v2\/posts"}],"about":[{"href":"https:\/\/jorgezanoni.com.br\/2019\/wp-json\/wp\/v2\/types\/post"}],"author":[{"embeddable":true,"href":"https:\/\/jorgezanoni.com.br\/2019\/wp-json\/wp\/v2\/users\/1"}],"replies":[{"embeddable":true,"href":"https:\/\/jorgezanoni.com.br\/2019\/wp-json\/wp\/v2\/comments?post=64430"}],"version-history":[{"count":0,"href":"https:\/\/jorgezanoni.com.br\/2019\/wp-json\/wp\/v2\/posts\/64430\/revisions"}],"wp:featuredmedia":[{"embeddable":true,"href":"https:\/\/jorgezanoni.com.br\/2019\/wp-json\/wp\/v2\/media\/64432"}],"wp:attachment":[{"href":"https:\/\/jorgezanoni.com.br\/2019\/wp-json\/wp\/v2\/media?parent=64430"}],"wp:term":[{"taxonomy":"category","embeddable":true,"href":"https:\/\/jorgezanoni.com.br\/2019\/wp-json\/wp\/v2\/categories?post=64430"},{"taxonomy":"post_tag","embeddable":true,"href":"https:\/\/jorgezanoni.com.br\/2019\/wp-json\/wp\/v2\/tags?post=64430"}],"curies":[{"name":"wp","href":"https:\/\/api.w.org\/{rel}","templated":true}]}}