{"id":64424,"date":"2022-06-03T15:51:50","date_gmt":"2022-06-03T15:51:50","guid":{"rendered":"https:\/\/jorgezanoni.com.br\/2019\/?p=64424"},"modified":"2022-06-03T15:51:50","modified_gmt":"2022-06-03T15:51:50","slug":"queixas-de-memoria-e-demencia-quando-identificar-que-o-meu-esquecimento-nao-e-normal","status":"publish","type":"post","link":"https:\/\/jorgezanoni.com.br\/2019\/queixas-de-memoria-e-demencia-quando-identificar-que-o-meu-esquecimento-nao-e-normal\/","title":{"rendered":"Queixas de Mem\u00f3ria e Dem\u00eancia, quando identificar que o meu esquecimento n\u00e3o \u00e9 normal?"},"content":{"rendered":"<p style=\"text-align: justify;\">O processo de envelhecimento colabora para o aumento dos nossos esquecimentos, uma vez que o nosso c\u00e9rebro sofre mudan\u00e7a em seu tamanho, essa mudan\u00e7a \u00e9 chamada de redu\u00e7\u00e3o encef\u00e1lica difusa muito bem observado em pessoas com mais de 60 anos.<\/p>\n<p style=\"text-align: justify;\">Uma vez que essa mudan\u00e7a acontece podemos observar que come\u00e7amos a ter maior dificuldade para memorizar algumas informa\u00e7\u00f5es. Isso ocorre em um dom\u00ednio cognitivo chamado Mem\u00f3ria, mais especificamente na memoria operacional. O mesmo \u00e9 associado a outro dom\u00ednio da nossa cogni\u00e7\u00e3o chamado Aten\u00e7\u00e3o.<\/p>\n<p style=\"text-align: justify;\">Com isso n\u00f3s come\u00e7amos a ter maior dificuldade para lembrarmos de informa\u00e7\u00f5es como listas de supermercados, farm\u00e1cias, n\u00fameros de telefone. Esses esquecimentos podem ser caracterizados como normais, para o p\u00fablico 60+.<\/p>\n<p style=\"text-align: justify;\">Ent\u00e3o quando um esquecimento n\u00e3o \u00e9 classificado como normal, para esses par\u00e2metros?<\/p>\n<p style=\"text-align: justify;\">Bem quando apresentamos dificuldades para lembramos de dias correntes do m\u00eas (dia do m\u00eas, m\u00eas vigente e ano), ou ent\u00e3o quando repetimos muitas vez o que j\u00e1 falamos para um familiar ou amigo, al\u00e9m disso observamos um discurso com muitas lembran\u00e7as do passado e n\u00e3o vemos, a pessoa falar coisas recentes como o que aconteceu no \u00faltimo final de semana, ou mesmo lembrar-se do que comeu no almo\u00e7o ou jantar.<\/p>\n<p style=\"text-align: justify;\">Quando isso acontece devemos buscar ajuda de um profissional especializado no assunto como um Geront\u00f3logo, um m\u00e9dico Neurologista ou Geriatra. Para que deste modo possamos fazer avalia\u00e7\u00f5es e exames espec\u00edficos. Assim podemos identificar qual o tipo de decl\u00ednio cognitivo ou dem\u00eancia que a pessoa apresenta, uma vez que os exames s\u00e3o realizados e o quadro \u00e9 definitivo pelo especialista, inicia-se os tratamentos farmacol\u00f3gicos e n\u00e3o farmacol\u00f3gicos para que a pessoa posso reduzir a velocidade do quadro e ter maior qualidade de vida.<\/p>\n<p style=\"text-align: justify;\">Fonte: Dra. Caroline Melegari &#8211; Geront\u00f3loga<\/p>\n","protected":false},"excerpt":{"rendered":"<p>O processo de envelhecimento colabora para o aumento dos nossos esquecimentos, uma vez que o nosso c\u00e9rebro sofre mudan\u00e7a em seu tamanho, essa mudan\u00e7a \u00e9 chamada de redu\u00e7\u00e3o encef\u00e1lica difusa muito bem observado em pessoas com mais de 60 anos. Uma vez que essa mudan\u00e7a acontece podemos observar que come\u00e7amos a ter maior dificuldade para [&hellip;]<\/p>\n","protected":false},"author":1,"featured_media":64425,"comment_status":"closed","ping_status":"open","sticky":false,"template":"","format":"standard","meta":{"footnotes":""},"categories":[175],"tags":[],"class_list":["post-64424","post","type-post","status-publish","format-standard","has-post-thumbnail","hentry","category-artigos"],"_links":{"self":[{"href":"https:\/\/jorgezanoni.com.br\/2019\/wp-json\/wp\/v2\/posts\/64424","targetHints":{"allow":["GET"]}}],"collection":[{"href":"https:\/\/jorgezanoni.com.br\/2019\/wp-json\/wp\/v2\/posts"}],"about":[{"href":"https:\/\/jorgezanoni.com.br\/2019\/wp-json\/wp\/v2\/types\/post"}],"author":[{"embeddable":true,"href":"https:\/\/jorgezanoni.com.br\/2019\/wp-json\/wp\/v2\/users\/1"}],"replies":[{"embeddable":true,"href":"https:\/\/jorgezanoni.com.br\/2019\/wp-json\/wp\/v2\/comments?post=64424"}],"version-history":[{"count":0,"href":"https:\/\/jorgezanoni.com.br\/2019\/wp-json\/wp\/v2\/posts\/64424\/revisions"}],"wp:featuredmedia":[{"embeddable":true,"href":"https:\/\/jorgezanoni.com.br\/2019\/wp-json\/wp\/v2\/media\/64425"}],"wp:attachment":[{"href":"https:\/\/jorgezanoni.com.br\/2019\/wp-json\/wp\/v2\/media?parent=64424"}],"wp:term":[{"taxonomy":"category","embeddable":true,"href":"https:\/\/jorgezanoni.com.br\/2019\/wp-json\/wp\/v2\/categories?post=64424"},{"taxonomy":"post_tag","embeddable":true,"href":"https:\/\/jorgezanoni.com.br\/2019\/wp-json\/wp\/v2\/tags?post=64424"}],"curies":[{"name":"wp","href":"https:\/\/api.w.org\/{rel}","templated":true}]}}