{"id":64404,"date":"2022-06-03T12:24:06","date_gmt":"2022-06-03T12:24:06","guid":{"rendered":"https:\/\/jorgezanoni.com.br\/2019\/?p=64404"},"modified":"2022-06-03T12:24:06","modified_gmt":"2022-06-03T12:24:06","slug":"acidente-entre-onibus-e-caminhao-mata-motorista-de-53-anos-em-santa-cruz-do-rio-pardo","status":"publish","type":"post","link":"https:\/\/jorgezanoni.com.br\/2019\/acidente-entre-onibus-e-caminhao-mata-motorista-de-53-anos-em-santa-cruz-do-rio-pardo\/","title":{"rendered":"Acidente entre \u00f4nibus e caminh\u00e3o, mata motorista de 53 anos em Santa Cruz do Rio Pardo"},"content":{"rendered":"<p style=\"text-align: justify;\"><strong><em>V\u00edtima ficou presa \u00e0s ferragens e entrou em \u00f3bito no local do acidente. Mais cinco pessoas ficaram feridas, uma delas em estado grave. \u00d4nibus saiu de Dourados\/MS com destino ao Br\u00e1s em S\u00e3o Paulo.<\/em><\/strong><\/p>\n<p style=\"text-align: justify;\">Por volta das 22h00 da quinta-feira, 2\/6, Nelson Dias Rocha, 53 anos, motorista de um \u00f4nibus da empresa Guimatur, morreu ap\u00f3s bater na traseira de um caminh\u00e3o FIAT ano 74. O acidente aconteceu no km 04 da Orlando Quagliato, nas proximidades do trevo conhecido como \u201cChapad\u00e3o do suco\u201d.<\/p>\n<p style=\"text-align: justify;\">Segundo informa\u00e7\u00f5es do IBTV, o motorista seguia pela rodovia Orlando Quagliato no sentido leste, conduzindo cerca de 25 passageiros que sa\u00edram de Dourados\/MS, com destino a S\u00e3o Paulo, onde fariam compras no bairro do Br\u00e1s.<\/p>\n<p style=\"text-align: justify;\"><img decoding=\"async\" class=\"aligncenter wp-image-42472 size-large\" src=\"https:\/\/negociao.com.br\/wp-content\/uploads\/2022\/06\/acidente-1-1024x768.jpg\" sizes=\"(max-width: 1024px) 100vw, 1024px\" srcset=\"https:\/\/negociao.com.br\/wp-content\/uploads\/2022\/06\/acidente-1-1024x768.jpg 1024w, https:\/\/negociao.com.br\/wp-content\/uploads\/2022\/06\/acidente-1-300x225.jpg 300w, https:\/\/negociao.com.br\/wp-content\/uploads\/2022\/06\/acidente-1-768x576.jpg 768w, https:\/\/negociao.com.br\/wp-content\/uploads\/2022\/06\/acidente-1-1536x1152.jpg 1536w, https:\/\/negociao.com.br\/wp-content\/uploads\/2022\/06\/acidente-1.jpg 1600w\" alt=\"\" \/><\/p>\n<h6 style=\"text-align: justify;\">\u00d4nibus vinha de Dourados\/MS com destino a S\u00e3o Paulo<\/h6>\n<p style=\"text-align: justify;\">Ap\u00f3s uma leve subida do km 04 o \u00f4nibus chocou-se violentamente na traseira de um caminh\u00e3o que estava \u00e0 frente, carregado com ferragens, provenientes de \u201cFerro Velho\u201d.<\/p>\n<p style=\"text-align: justify;\">O motorista do caminh\u00e3o saiu de Bandeirantes\/PR e seguia com destino a Piracicaba\/SP.<\/p>\n<p style=\"text-align: justify;\">Na cabine do \u00f4nibus, um outro motorista que havia revezado com Nelson, conversava com o colega que conduzia o \u00f4nibus no momento do acidente, ele foi socorrido pela equipe da CART com ferimentos e encaminhado para a Santa Casa de Santa Cruz. A filha do motorista que faleceu tamb\u00e9m estava no \u00f4nibus.<\/p>\n<p style=\"text-align: justify;\"><img decoding=\"async\" class=\"aligncenter wp-image-42473 size-full\" src=\"https:\/\/negociao.com.br\/wp-content\/uploads\/2022\/06\/Nelson.jpg\" sizes=\"(max-width: 960px) 100vw, 960px\" srcset=\"https:\/\/negociao.com.br\/wp-content\/uploads\/2022\/06\/Nelson.jpg 960w, https:\/\/negociao.com.br\/wp-content\/uploads\/2022\/06\/Nelson-300x298.jpg 300w, https:\/\/negociao.com.br\/wp-content\/uploads\/2022\/06\/Nelson-150x150.jpg 150w, https:\/\/negociao.com.br\/wp-content\/uploads\/2022\/06\/Nelson-768x762.jpg 768w\" alt=\"\" \/><\/p>\n<h6 style=\"text-align: justify;\">Nelson Dias Rocha, 53 anos, chegou a ficar preso \u00e0s ferragens e entrou em \u00f3bito no local<\/h6>\n<p style=\"text-align: justify;\">De acordo com o Corpo de Bombeiros, a maioria dos passageiros n\u00e3o usava cinto de seguran\u00e7a.<\/p>\n<p style=\"text-align: justify;\">A empresa S\u00e3o Carlos Turismo de Santa Cruz do Rio Pardo\/SP, prestou apoio e transportou os passageiros at\u00e9 o Posto Kaf\u00e9.<\/p>\n<p style=\"text-align: justify;\">O delegado respons\u00e1vel pela ocorr\u00eancia, Dr. Renato Caldeira Mardegan, esteve no local e ap\u00f3s verificar o tac\u00f3grafo do \u00f4nibus, constatou que o ve\u00edculo estava a 70km\/h no momento do acidente.<\/p>\n<p style=\"text-align: justify;\"><img decoding=\"async\" class=\"aligncenter wp-image-42474 size-full\" src=\"https:\/\/negociao.com.br\/wp-content\/uploads\/2022\/06\/caminhao.jpg\" sizes=\"(max-width: 720px) 100vw, 720px\" srcset=\"https:\/\/negociao.com.br\/wp-content\/uploads\/2022\/06\/caminhao.jpg 720w, https:\/\/negociao.com.br\/wp-content\/uploads\/2022\/06\/caminhao-300x225.jpg 300w\" alt=\"\" \/><\/p>\n<h6 style=\"text-align: justify;\">Caminh\u00e3o saiu de Bandeirantes\/PR com destino \u00e0 Piracicaba\/SP<\/h6>\n<p style=\"text-align: justify;\">Segundo as \u00faltimas informa\u00e7\u00f5es da pol\u00edcia, do sinistro restou uma v\u00edtima fatal (condutor do \u00f4nibus) e uma v\u00edtima em estado grave (passageiro do \u00f4nibus).<\/p>\n<p style=\"text-align: justify;\">O corpo de Nelson Dias foi recolhido pela Funer\u00e1ria Santa Cruz \u2013 Grupo Bom Jesus.<\/p>\n<h6 style=\"text-align: justify;\"><img decoding=\"async\" class=\"aligncenter wp-image-42475 size-large\" src=\"https:\/\/negociao.com.br\/wp-content\/uploads\/2022\/06\/acidente-onibus-1024x768.jpg\" sizes=\"(max-width: 1024px) 100vw, 1024px\" srcset=\"https:\/\/negociao.com.br\/wp-content\/uploads\/2022\/06\/acidente-onibus-1024x768.jpg 1024w, https:\/\/negociao.com.br\/wp-content\/uploads\/2022\/06\/acidente-onibus-300x225.jpg 300w, https:\/\/negociao.com.br\/wp-content\/uploads\/2022\/06\/acidente-onibus-768x576.jpg 768w, https:\/\/negociao.com.br\/wp-content\/uploads\/2022\/06\/acidente-onibus-1536x1152.jpg 1536w, https:\/\/negociao.com.br\/wp-content\/uploads\/2022\/06\/acidente-onibus.jpg 1600w\" alt=\"\" \/><\/h6>\n<h6 style=\"text-align: justify;\">Ve\u00edculo transportava 25 pessoas e seundo informa\u00e7\u00f5es da pol\u00edcia uma delas se encontra em estado grave<\/h6>\n<p style=\"text-align: justify;\">O tr\u00e2nsito inicialmente foi desviado pelo acesso a cidade de Santa Cruz do Rio Pardo\/SP e ap\u00f3s libera\u00e7\u00e3o, segue normalmente pela via.<\/p>\n<p style=\"text-align: justify;\">Fonte: https:\/\/negociao.com.br\/policial\/motorista-de-53-anos-morre-em-acidente-na-orlando-quagliato-em-santa-cruz-do-rio-pardo\/<\/p>\n","protected":false},"excerpt":{"rendered":"<p>V\u00edtima ficou presa \u00e0s ferragens e entrou em \u00f3bito no local do acidente. Mais cinco pessoas ficaram feridas, uma delas em estado grave. \u00d4nibus saiu de Dourados\/MS com destino ao Br\u00e1s em S\u00e3o Paulo. Por volta das 22h00 da quinta-feira, 2\/6, Nelson Dias Rocha, 53 anos, motorista de um \u00f4nibus da empresa Guimatur, morreu ap\u00f3s [&hellip;]<\/p>\n","protected":false},"author":1,"featured_media":64405,"comment_status":"closed","ping_status":"open","sticky":false,"template":"","format":"standard","meta":{"footnotes":""},"categories":[170,110],"tags":[],"class_list":["post-64404","post","type-post","status-publish","format-standard","has-post-thumbnail","hentry","category-acidentes","category-noticiasdestaque"],"_links":{"self":[{"href":"https:\/\/jorgezanoni.com.br\/2019\/wp-json\/wp\/v2\/posts\/64404","targetHints":{"allow":["GET"]}}],"collection":[{"href":"https:\/\/jorgezanoni.com.br\/2019\/wp-json\/wp\/v2\/posts"}],"about":[{"href":"https:\/\/jorgezanoni.com.br\/2019\/wp-json\/wp\/v2\/types\/post"}],"author":[{"embeddable":true,"href":"https:\/\/jorgezanoni.com.br\/2019\/wp-json\/wp\/v2\/users\/1"}],"replies":[{"embeddable":true,"href":"https:\/\/jorgezanoni.com.br\/2019\/wp-json\/wp\/v2\/comments?post=64404"}],"version-history":[{"count":0,"href":"https:\/\/jorgezanoni.com.br\/2019\/wp-json\/wp\/v2\/posts\/64404\/revisions"}],"wp:featuredmedia":[{"embeddable":true,"href":"https:\/\/jorgezanoni.com.br\/2019\/wp-json\/wp\/v2\/media\/64405"}],"wp:attachment":[{"href":"https:\/\/jorgezanoni.com.br\/2019\/wp-json\/wp\/v2\/media?parent=64404"}],"wp:term":[{"taxonomy":"category","embeddable":true,"href":"https:\/\/jorgezanoni.com.br\/2019\/wp-json\/wp\/v2\/categories?post=64404"},{"taxonomy":"post_tag","embeddable":true,"href":"https:\/\/jorgezanoni.com.br\/2019\/wp-json\/wp\/v2\/tags?post=64404"}],"curies":[{"name":"wp","href":"https:\/\/api.w.org\/{rel}","templated":true}]}}