{"id":64380,"date":"2022-06-03T00:49:58","date_gmt":"2022-06-03T00:49:58","guid":{"rendered":"https:\/\/jorgezanoni.com.br\/2019\/?p=64380"},"modified":"2022-06-03T00:49:58","modified_gmt":"2022-06-03T00:49:58","slug":"laboratorio-mastellini-passa-a-coletar-sangue-diretamente-na-policlinica","status":"publish","type":"post","link":"https:\/\/jorgezanoni.com.br\/2019\/laboratorio-mastellini-passa-a-coletar-sangue-diretamente-na-policlinica\/","title":{"rendered":"Laborat\u00f3rio Mastellini passa a coletar sangue diretamente na Pol\u00edcl\u00ednica"},"content":{"rendered":"<p style=\"text-align: justify;\"><strong>Informa\u00e7\u00f5es foram passadas para a popula\u00e7\u00e3o de Dracena, ontem (1\u00ba)<\/strong><\/p>\n<p style=\"text-align: justify;\">Numa parceria do\u00a0Laborat\u00f3rio Mastellini, Prefeitura Municipal de Dracena e Secretaria da Sa\u00fade, teve in\u00edcio ontem a Coleta de Sangue feita diretamente na Policl\u00ednica.<\/p>\n<p style=\"text-align: justify;\">A novidade foi poss\u00edvel atrav\u00e9s do CISNAP (Cons\u00f3rcio Intermunicipal de Sa\u00fade da Nova Alta Paulista), onde ser\u00e3o atendidos conveniados do SUS (Sistema \u00danico de Sa\u00fade).<\/p>\n<p style=\"text-align: justify;\">Na Policl\u00ednica ser\u00e3o atendidos moradores da regi\u00e3o Leste da cidade, entre eles os Bairros Jardim S\u00e3o Crist\u00f3v\u00e3o, Parque Dracena, Jardim das Palmeiras I, II, III e IV, Jardim Europa, entre outros.<\/p>\n<p style=\"text-align: justify;\">Id\u00eantica medida foi tomada nas UBSs do Jardim Brasil\u00e2ndia e Jardim Santa Clara.<\/p>\n<p style=\"text-align: justify;\">A inten\u00e7\u00e3o \u00e9 desafogar o Laborat\u00f3rio que atende anexo \u00e0 Santa Casa de Dracena, al\u00e9m de facilitar o deslocamento dos mun\u00edcipes.<\/p>\n<p style=\"text-align: justify;\">Ser\u00e3o feitos a maioria dos tipos de exames com previs\u00e3o de entrega de resultado no mesmo dia, na maioria dos casos em at\u00e9 tr\u00eas horas do momento que foi coletado.<\/p>\n<p style=\"text-align: justify;\">Estiveram presente no evento o Dr. Jader Mastellini, Prefeito Municipal Andr\u00e9 Lemos, Secret\u00e1ria da Sa\u00fade e Higiene P\u00fablica Cl\u00e1udia Luginick, Presidente da C\u00e2mara Municipal Claudinei Milan (Mel\u00e3o), Meliane Pereira da Policl\u00ednica, representantes da sa\u00fade, secret\u00e1rios, funcion\u00e1rios do Laborat\u00f3rio e Imprensa.<\/p>\n<p><img loading=\"lazy\" decoding=\"async\" class=\"alignnone size-full wp-image-64381\" src=\"https:\/\/jorgezanoni.com.br\/2019\/wp-content\/uploads\/2022\/06\/IMG_7273-2.jpg\" alt=\"\" width=\"700\" height=\"492\" srcset=\"https:\/\/jorgezanoni.com.br\/2019\/wp-content\/uploads\/2022\/06\/IMG_7273-2.jpg 700w, https:\/\/jorgezanoni.com.br\/2019\/wp-content\/uploads\/2022\/06\/IMG_7273-2-300x211.jpg 300w, https:\/\/jorgezanoni.com.br\/2019\/wp-content\/uploads\/2022\/06\/IMG_7273-2-100x70.jpg 100w, https:\/\/jorgezanoni.com.br\/2019\/wp-content\/uploads\/2022\/06\/IMG_7273-2-696x489.jpg 696w, https:\/\/jorgezanoni.com.br\/2019\/wp-content\/uploads\/2022\/06\/IMG_7273-2-598x420.jpg 598w\" sizes=\"auto, (max-width: 700px) 100vw, 700px\" \/> <img loading=\"lazy\" decoding=\"async\" class=\"alignnone size-full wp-image-64382\" src=\"https:\/\/jorgezanoni.com.br\/2019\/wp-content\/uploads\/2022\/06\/IMG_7276-2.jpg\" alt=\"\" width=\"700\" height=\"588\" srcset=\"https:\/\/jorgezanoni.com.br\/2019\/wp-content\/uploads\/2022\/06\/IMG_7276-2.jpg 700w, https:\/\/jorgezanoni.com.br\/2019\/wp-content\/uploads\/2022\/06\/IMG_7276-2-300x252.jpg 300w, https:\/\/jorgezanoni.com.br\/2019\/wp-content\/uploads\/2022\/06\/IMG_7276-2-696x585.jpg 696w, https:\/\/jorgezanoni.com.br\/2019\/wp-content\/uploads\/2022\/06\/IMG_7276-2-500x420.jpg 500w\" sizes=\"auto, (max-width: 700px) 100vw, 700px\" \/> <img loading=\"lazy\" decoding=\"async\" class=\"alignnone size-full wp-image-64384\" src=\"https:\/\/jorgezanoni.com.br\/2019\/wp-content\/uploads\/2022\/06\/IMG_7281-2.jpg\" alt=\"\" width=\"700\" height=\"468\" srcset=\"https:\/\/jorgezanoni.com.br\/2019\/wp-content\/uploads\/2022\/06\/IMG_7281-2.jpg 700w, https:\/\/jorgezanoni.com.br\/2019\/wp-content\/uploads\/2022\/06\/IMG_7281-2-300x201.jpg 300w, https:\/\/jorgezanoni.com.br\/2019\/wp-content\/uploads\/2022\/06\/IMG_7281-2-696x465.jpg 696w, https:\/\/jorgezanoni.com.br\/2019\/wp-content\/uploads\/2022\/06\/IMG_7281-2-628x420.jpg 628w\" sizes=\"auto, (max-width: 700px) 100vw, 700px\" \/><\/p>\n<p style=\"text-align: justify;\">Jorge Zanoni<\/p>\n<div class=\"eKjLze\">\n<div class=\"g\">\n<div data-hveid=\"CAsQAA\" data-ved=\"2ahUKEwj4q-ilhJD4AhXHBrkGHb2gBogQFSgAegQICxAA\">\n<div class=\"tF2Cxc\">\n<div class=\"IsZvec\">\n<div class=\"VwiC3b yXK7lf MUxGbd yDYNvb lyLwlc lEBKkf\"><\/div>\n<\/div>\n<\/div>\n<\/div>\n<\/div>\n<\/div>\n","protected":false},"excerpt":{"rendered":"<p>Informa\u00e7\u00f5es foram passadas para a popula\u00e7\u00e3o de Dracena, ontem (1\u00ba) Numa parceria do\u00a0Laborat\u00f3rio Mastellini, Prefeitura Municipal de Dracena e Secretaria da Sa\u00fade, teve in\u00edcio ontem a Coleta de Sangue feita diretamente na Policl\u00ednica. A novidade foi poss\u00edvel atrav\u00e9s do CISNAP (Cons\u00f3rcio Intermunicipal de Sa\u00fade da Nova Alta Paulista), onde ser\u00e3o atendidos conveniados do SUS (Sistema [&hellip;]<\/p>\n","protected":false},"author":1,"featured_media":64383,"comment_status":"closed","ping_status":"open","sticky":false,"template":"","format":"standard","meta":{"footnotes":""},"categories":[110,122],"tags":[],"class_list":["post-64380","post","type-post","status-publish","format-standard","has-post-thumbnail","hentry","category-noticiasdestaque","category-saudeeducacaoeconcurso"],"_links":{"self":[{"href":"https:\/\/jorgezanoni.com.br\/2019\/wp-json\/wp\/v2\/posts\/64380","targetHints":{"allow":["GET"]}}],"collection":[{"href":"https:\/\/jorgezanoni.com.br\/2019\/wp-json\/wp\/v2\/posts"}],"about":[{"href":"https:\/\/jorgezanoni.com.br\/2019\/wp-json\/wp\/v2\/types\/post"}],"author":[{"embeddable":true,"href":"https:\/\/jorgezanoni.com.br\/2019\/wp-json\/wp\/v2\/users\/1"}],"replies":[{"embeddable":true,"href":"https:\/\/jorgezanoni.com.br\/2019\/wp-json\/wp\/v2\/comments?post=64380"}],"version-history":[{"count":0,"href":"https:\/\/jorgezanoni.com.br\/2019\/wp-json\/wp\/v2\/posts\/64380\/revisions"}],"wp:featuredmedia":[{"embeddable":true,"href":"https:\/\/jorgezanoni.com.br\/2019\/wp-json\/wp\/v2\/media\/64383"}],"wp:attachment":[{"href":"https:\/\/jorgezanoni.com.br\/2019\/wp-json\/wp\/v2\/media?parent=64380"}],"wp:term":[{"taxonomy":"category","embeddable":true,"href":"https:\/\/jorgezanoni.com.br\/2019\/wp-json\/wp\/v2\/categories?post=64380"},{"taxonomy":"post_tag","embeddable":true,"href":"https:\/\/jorgezanoni.com.br\/2019\/wp-json\/wp\/v2\/tags?post=64380"}],"curies":[{"name":"wp","href":"https:\/\/api.w.org\/{rel}","templated":true}]}}