{"id":64377,"date":"2022-06-02T23:49:13","date_gmt":"2022-06-02T23:49:13","guid":{"rendered":"https:\/\/jorgezanoni.com.br\/2019\/?p=64377"},"modified":"2022-06-02T23:49:13","modified_gmt":"2022-06-02T23:49:13","slug":"pedagios-ficam-1213-mais-caros-na-regiao-de-presidente-prudente-e-dracena-a-partir-deste-sabado","status":"publish","type":"post","link":"https:\/\/jorgezanoni.com.br\/2019\/pedagios-ficam-1213-mais-caros-na-regiao-de-presidente-prudente-e-dracena-a-partir-deste-sabado\/","title":{"rendered":"Ped\u00e1gios ficam 12,13% mais caros na regi\u00e3o de Presidente Prudente e Dracena a partir deste s\u00e1bado"},"content":{"rendered":"<h2 class=\"content-head__subtitle\" style=\"text-align: justify;\"><strong>Aumento ser\u00e1 aplicado nas pra\u00e7as de cobran\u00e7a instaladas na rodovias administradas pela Eixo SP. Valores para ve\u00edculos de passeio variam entre R$ 5 e R$ 9,60.<\/strong><\/h2>\n<div class=\"mc-column content-text active-extra-styles \" style=\"text-align: justify;\" data-block-type=\"unstyled\" data-block-weight=\"36\" data-block-id=\"2\">\n<p class=\"content-text__container \" data-track-category=\"Link no Texto\" data-track-links=\"\">Os ped\u00e1gios instalados nas rodovias Assis Chateaubriand (SP-425), Comandante Jo\u00e3o Ribeiro de Barros (SP-294) e Homero Severo Lins (SP-284), na regi\u00e3o de\u00a0<a href=\"https:\/\/g1.globo.com\/sp\/presidente-prudente-regiao\/cidade\/presidente-prudente\/\">Presidente Prudente<\/a>\u00a0(SP), ficar\u00e3o 12,13% mais caros a partir da 0h deste s\u00e1bado (4).<\/p>\n<\/div>\n<div class=\"wall protected-content\">\n<div class=\"mc-column content-text active-extra-styles \" style=\"text-align: justify;\" data-block-type=\"unstyled\" data-block-weight=\"33\" data-block-id=\"3\">\n<p class=\"content-text__container \" data-track-category=\"Link no Texto\" data-track-links=\"\">Segundo a Eixo SP, concession\u00e1ria que administra as tr\u00eas rodovias, o reajuste anual, previsto em contrato de concess\u00e3o, tem base na infla\u00e7\u00e3o, medida pelo \u00cdndice de Pre\u00e7os ao Consumidor Amplo (IPCA) do per\u00edodo.<\/p>\n<\/div>\n<div class=\"mc-column content-text active-extra-styles \" style=\"text-align: justify;\" data-block-type=\"unstyled\" data-block-weight=\"26\" data-block-id=\"4\">\n<p class=\"content-text__container \" data-track-category=\"Link no Texto\" data-track-links=\"\">A atualiza\u00e7\u00e3o dos valores foi homologada pela Ag\u00eancia Reguladora de Transportes do Estado de S\u00e3o Paulo (Artesp) e publicada no Di\u00e1rio Oficial da \u00faltima ter\u00e7a-feira (31).<\/p>\n<\/div>\n<div class=\"mc-column content-text active-extra-styles \" style=\"text-align: justify;\" data-block-type=\"unstyled\" data-block-weight=\"20\" data-block-id=\"5\">\n<p class=\"content-text__container \" data-track-category=\"Link no Texto\" data-track-links=\"\"><span class=\"highlight highlighted\">Veja abaixo os valores que passar\u00e3o a ser cobrados nas pra\u00e7as de ped\u00e1gio do Oeste Paulista a partir deste s\u00e1bado:<\/span><\/p>\n<\/div>\n<div class=\"mc-column content-text active-extra-styles\" style=\"text-align: justify;\" data-block-type=\"raw\" data-block-weight=\"4\" data-block-id=\"7\">\n<div class=\"content-intertitle\">\n<h2>Rodovia Assis Chateaubriand (SP-425)<\/h2>\n<\/div>\n<\/div>\n<div class=\"mc-column content-text active-extra-styles \" style=\"text-align: justify;\" data-block-type=\"unstyled\" data-block-weight=\"1\" data-block-id=\"8\">\n<p class=\"content-text__container \" data-track-category=\"Link no Texto\" data-track-links=\"\"><a href=\"https:\/\/g1.globo.com\/sp\/presidente-prudente-regiao\/cidade\/indiana\/\"><strong>Indiana<\/strong><\/a><\/p>\n<p class=\"content-text__container \" data-track-category=\"Link no Texto\" data-track-links=\"\">. Passeio: R$ 6,10<\/p>\n<\/div>\n<div class=\"mc-column content-text active-extra-styles\" style=\"text-align: justify;\" data-block-type=\"raw\" data-block-weight=\"11\" data-block-id=\"9\">\n<ul class=\"content-unordered-list\">\n<li>Moto: R$ 3,00<\/li>\n<li>Comercial: R$ 6,10 (por eixo)<\/li>\n<\/ul>\n<\/div>\n<div class=\"mc-column content-text active-extra-styles \" style=\"text-align: justify;\" data-block-type=\"unstyled\" data-block-weight=\"1\" data-block-id=\"10\">\n<p class=\"content-text__container \" data-track-category=\"Link no Texto\" data-track-links=\"\"><a href=\"https:\/\/g1.globo.com\/sp\/presidente-prudente-regiao\/cidade\/martinopolis-sp\/\"><strong>Martin\u00f3polis<\/strong><\/a><\/p>\n<\/div>\n<div class=\"mc-column content-text active-extra-styles\" style=\"text-align: justify;\" data-block-type=\"raw\" data-block-weight=\"11\" data-block-id=\"11\">\n<ul class=\"content-unordered-list\">\n<li>Passeio: R$ 5,00<\/li>\n<li>Moto: R$ 2,50<\/li>\n<li>Comercial: R$ 5,00 (por eixo)<\/li>\n<\/ul>\n<\/div>\n<div class=\"mc-column content-text active-extra-styles\" style=\"text-align: justify;\" data-block-type=\"raw\" data-block-weight=\"7\" data-block-id=\"12\">\n<div class=\"content-intertitle\">\n<h2>Rodovia Comandante Jo\u00e3o Ribeiro de Barros (SP-294)<\/h2>\n<\/div>\n<\/div>\n<div class=\"mc-column content-text active-extra-styles \" style=\"text-align: justify;\" data-block-type=\"unstyled\" data-block-weight=\"2\" data-block-id=\"13\">\n<p class=\"content-text__container \" data-track-category=\"Link no Texto\" data-track-links=\"\"><a href=\"https:\/\/g1.globo.com\/sp\/presidente-prudente-regiao\/cidade\/inubia-paulista\/\"><strong>In\u00fabia Paulista<\/strong><\/a><\/p>\n<\/div>\n<div class=\"mc-column content-text active-extra-styles\" style=\"text-align: justify;\" data-block-type=\"raw\" data-block-weight=\"11\" data-block-id=\"14\">\n<ul class=\"content-unordered-list\">\n<li>Passeio: R$ 6,70<\/li>\n<li>Moto: R$ 3,30<\/li>\n<li>Comercial: R$ 6,70 (por eixo)<\/li>\n<\/ul>\n<\/div>\n<div class=\"mc-column content-text active-extra-styles \" style=\"text-align: justify;\" data-block-type=\"unstyled\" data-block-weight=\"1\" data-block-id=\"15\">\n<p class=\"content-text__container \" data-track-category=\"Link no Texto\" data-track-links=\"\"><a href=\"https:\/\/g1.globo.com\/sp\/presidente-prudente-regiao\/cidade\/pacaembu\/\"><strong>Pacaembu<\/strong><\/a><\/p>\n<\/div>\n<div class=\"mc-column content-text active-extra-styles\" style=\"text-align: justify;\" data-block-type=\"raw\" data-block-weight=\"11\" data-block-id=\"16\">\n<ul class=\"content-unordered-list\">\n<li>Passeio: R$ 7,40<\/li>\n<li>Moto: R$ 3,70<\/li>\n<li>Comercial: R$ 7,40 (por eixo)<\/li>\n<\/ul>\n<\/div>\n<div class=\"mc-column content-text active-extra-styles \" style=\"text-align: justify;\" data-block-type=\"unstyled\" data-block-weight=\"1\" data-block-id=\"17\">\n<p class=\"content-text__container \" data-track-category=\"Link no Texto\" data-track-links=\"\"><strong>Parapu\u00e3<\/strong><\/p>\n<\/div>\n<div class=\"mc-column content-text active-extra-styles\" style=\"text-align: justify;\" data-block-type=\"raw\" data-block-weight=\"11\" data-block-id=\"18\">\n<ul class=\"content-unordered-list\">\n<li>Passeio: R$ 9,60<\/li>\n<li>Moto: R$ 4,80<\/li>\n<li>Comercial: R$ 9,60 (por eixo)<\/li>\n<\/ul>\n<\/div>\n<div class=\"mc-column content-text active-extra-styles \" style=\"text-align: justify;\" data-block-type=\"unstyled\" data-block-weight=\"2\" data-block-id=\"19\">\n<p class=\"content-text__container \" data-track-category=\"Link no Texto\" data-track-links=\"\"><a href=\"https:\/\/g1.globo.com\/sp\/presidente-prudente-regiao\/cidade\/santa-mercedes\/\"><strong>Santa Mercedes<\/strong><\/a><\/p>\n<\/div>\n<div class=\"mc-column content-text active-extra-styles\" style=\"text-align: justify;\" data-block-type=\"raw\" data-block-weight=\"11\" data-block-id=\"20\">\n<ul class=\"content-unordered-list\">\n<li>Passeio: R$ 5,70<\/li>\n<li>Moto: R$ 2,80<\/li>\n<li>Comercial: R$ 5,70 (por eixo)<\/li>\n<\/ul>\n<\/div>\n<div class=\"mc-column content-text active-extra-styles\" style=\"text-align: justify;\" data-block-type=\"raw\" data-block-weight=\"5\" data-block-id=\"21\">\n<div class=\"content-intertitle\">\n<h2>Rodovia Homero Severo Lins (SP-284)<\/h2>\n<\/div>\n<\/div>\n<div class=\"mc-column content-text active-extra-styles \" style=\"text-align: justify;\" data-block-type=\"unstyled\" data-block-weight=\"1\" data-block-id=\"22\">\n<p class=\"content-text__container \" data-track-category=\"Link no Texto\" data-track-links=\"\"><a href=\"https:\/\/g1.globo.com\/sp\/presidente-prudente-regiao\/cidade\/rancharia\/\"><strong>Rancharia<\/strong><\/a><\/p>\n<\/div>\n<div class=\"mc-column content-text active-extra-styles\" style=\"text-align: justify;\" data-block-type=\"raw\" data-block-weight=\"11\" data-block-id=\"23\">\n<ul class=\"content-unordered-list\">\n<li>Passeio: R$ 7,00<\/li>\n<li>Moto: R$ 3,50<\/li>\n<li>Comercial: R$ 7,00 (por eixo)<\/li>\n<\/ul>\n<\/div>\n<div class=\"mc-column content-text active-extra-styles\" style=\"text-align: justify;\" data-block-type=\"raw\" data-block-weight=\"2\" data-block-id=\"24\">\n<div class=\"content-intertitle\">\n<h2>Desconto progressivo<\/h2>\n<\/div>\n<\/div>\n<div class=\"mc-column content-text active-extra-styles \" style=\"text-align: justify;\" data-block-type=\"unstyled\" data-block-weight=\"27\" data-block-id=\"25\">\n<p class=\"content-text__container \" data-track-category=\"Link no Texto\" data-track-links=\"\">Os motoristas de ve\u00edculos de passeio que utilizam o sistema de cobran\u00e7a autom\u00e1tico e viajam pelas rodovias sob gest\u00e3o da Eixo SP t\u00eam descontos por uso cont\u00ednuo.<\/p>\n<\/div>\n<div class=\"mc-column content-text active-extra-styles \" style=\"text-align: justify;\" data-block-type=\"unstyled\" data-block-weight=\"51\" data-block-id=\"26\">\n<p class=\"content-text__container \" data-track-category=\"Link no Texto\" data-track-links=\"\">O Desconto de Usu\u00e1rio Frequente (DUF) est\u00e1 integrado \u00e0s operadoras do sistema eletr\u00f4nico de pagamento de ped\u00e1gio. Na pr\u00e1tica, o desconto para ve\u00edculos de passeio come\u00e7a a contar a partir da segunda passagem realizada na mesma pra\u00e7a de ped\u00e1gio, no mesmo sentido de fluxo e dentro de um mesmo m\u00eas calend\u00e1rio.<\/p>\n<\/div>\n<div class=\"mc-column content-text active-extra-styles \" style=\"text-align: justify;\" data-block-type=\"unstyled\" data-block-weight=\"12\" data-block-id=\"27\">\n<p class=\"content-text__container \" data-track-category=\"Link no Texto\" data-track-links=\"\">Os descontos no m\u00eas podem chegar a at\u00e9 90%, segundo a concession\u00e1ria.<\/p>\n<\/div>\n<div class=\"mc-column content-text active-extra-styles\" data-block-type=\"raw\" data-block-weight=\"6\" data-block-id=\"28\">\n<div class=\"content-intertitle\">\n<h2 style=\"text-align: justify;\">Desconto de 5% nas pistas autom\u00e1ticas<\/h2>\n<div class=\"mc-column content-text active-extra-styles \" style=\"text-align: justify;\" data-block-type=\"unstyled\" data-block-weight=\"27\" data-block-id=\"30\">\n<p class=\"content-text__container \" data-track-category=\"Link no Texto\" data-track-links=\"\">Os usu\u00e1rios de qualquer categoria de ve\u00edculo que utilizam as pistas autom\u00e1ticas com tags nas rodovias da Eixo SP t\u00eam 5% de desconto no pagamento das tarifas.<\/p>\n<\/div>\n<div class=\"mc-column content-text active-extra-styles \" style=\"text-align: justify;\" data-block-type=\"unstyled\" data-block-weight=\"29\" data-block-id=\"31\">\n<p class=\"content-text__container \" data-track-category=\"Link no Texto\" data-track-links=\"\">O benef\u00edcio de 5% para ve\u00edculos na categoria 1 \u00e9 v\u00e1lido na primeira passagem no m\u00eas calend\u00e1rio. A partir da segunda passagem, ocorre a inclus\u00e3o autom\u00e1tica no sistema DUF.<\/p>\n<\/div>\n<div class=\"mc-column content-text active-extra-styles\" style=\"text-align: justify;\" data-block-type=\"raw\" data-block-weight=\"3\" data-block-id=\"32\">\n<div class=\"content-intertitle\">\n<h2>Rodovia Raposo Tavares<\/h2>\n<\/div>\n<\/div>\n<div class=\"mc-column content-text active-extra-styles \" data-block-type=\"unstyled\" data-block-weight=\"33\" data-block-id=\"33\">\n<p class=\"content-text__container \" style=\"text-align: justify;\" data-track-category=\"Link no Texto\" data-track-links=\"\">A Rodovia Raposo Tavares (SP-270), que possui pra\u00e7as de ped\u00e1gio nas cidades de Caiu\u00e1 (SP),\u00a0<a href=\"https:\/\/g1.globo.com\/sp\/presidente-prudente-regiao\/cidade\/presidente-bernardes-sp\/\">Presidente Bernardes<\/a>\u00a0(SP),\u00a0<a href=\"https:\/\/g1.globo.com\/sp\/presidente-prudente-regiao\/cidade\/rancharia\/\">Rancharia<\/a>\u00a0(SP) e Regente Feij\u00f3 (SP), n\u00e3o ser\u00e1 afetada por reajuste de pre\u00e7os neste momento.<\/p>\n<p style=\"text-align: justify;\" data-track-category=\"Link no Texto\" data-track-links=\"\">Fonte: G1<\/p>\n<\/div>\n<\/div>\n<\/div>\n<\/div>\n","protected":false},"excerpt":{"rendered":"<p>Aumento ser\u00e1 aplicado nas pra\u00e7as de cobran\u00e7a instaladas na rodovias administradas pela Eixo SP. Valores para ve\u00edculos de passeio variam entre R$ 5 e R$ 9,60. Os ped\u00e1gios instalados nas rodovias Assis Chateaubriand (SP-425), Comandante Jo\u00e3o Ribeiro de Barros (SP-294) e Homero Severo Lins (SP-284), na regi\u00e3o de\u00a0Presidente Prudente\u00a0(SP), ficar\u00e3o 12,13% mais caros a partir [&hellip;]<\/p>\n","protected":false},"author":1,"featured_media":64378,"comment_status":"closed","ping_status":"open","sticky":false,"template":"","format":"standard","meta":{"footnotes":""},"categories":[180,110],"tags":[],"class_list":["post-64377","post","type-post","status-publish","format-standard","has-post-thumbnail","hentry","category-estradastransitoveiculos","category-noticiasdestaque"],"_links":{"self":[{"href":"https:\/\/jorgezanoni.com.br\/2019\/wp-json\/wp\/v2\/posts\/64377","targetHints":{"allow":["GET"]}}],"collection":[{"href":"https:\/\/jorgezanoni.com.br\/2019\/wp-json\/wp\/v2\/posts"}],"about":[{"href":"https:\/\/jorgezanoni.com.br\/2019\/wp-json\/wp\/v2\/types\/post"}],"author":[{"embeddable":true,"href":"https:\/\/jorgezanoni.com.br\/2019\/wp-json\/wp\/v2\/users\/1"}],"replies":[{"embeddable":true,"href":"https:\/\/jorgezanoni.com.br\/2019\/wp-json\/wp\/v2\/comments?post=64377"}],"version-history":[{"count":0,"href":"https:\/\/jorgezanoni.com.br\/2019\/wp-json\/wp\/v2\/posts\/64377\/revisions"}],"wp:featuredmedia":[{"embeddable":true,"href":"https:\/\/jorgezanoni.com.br\/2019\/wp-json\/wp\/v2\/media\/64378"}],"wp:attachment":[{"href":"https:\/\/jorgezanoni.com.br\/2019\/wp-json\/wp\/v2\/media?parent=64377"}],"wp:term":[{"taxonomy":"category","embeddable":true,"href":"https:\/\/jorgezanoni.com.br\/2019\/wp-json\/wp\/v2\/categories?post=64377"},{"taxonomy":"post_tag","embeddable":true,"href":"https:\/\/jorgezanoni.com.br\/2019\/wp-json\/wp\/v2\/tags?post=64377"}],"curies":[{"name":"wp","href":"https:\/\/api.w.org\/{rel}","templated":true}]}}