{"id":64361,"date":"2022-06-02T17:47:26","date_gmt":"2022-06-02T17:47:26","guid":{"rendered":"https:\/\/jorgezanoni.com.br\/2019\/?p=64361"},"modified":"2022-06-02T17:47:26","modified_gmt":"2022-06-02T17:47:26","slug":"homem-morre-em-acidente-em-rodovia-de-teodoro-sampaio","status":"publish","type":"post","link":"https:\/\/jorgezanoni.com.br\/2019\/homem-morre-em-acidente-em-rodovia-de-teodoro-sampaio\/","title":{"rendered":"Homem morre em acidente em Rodovia de Teodoro Sampaio"},"content":{"rendered":"<p style=\"text-align: justify;\">Pol\u00edcia Militar Rodovi\u00e1ria atende Sinistro de Tr\u00e2nsito com 01 v\u00edtima fatal.\u00a0Acidente foi registrado \u00e0s 13h30min. de ontem (1\u00ba), na SP-613 Rodovia Arlindo Betio, km 23, sentido leste em Teodoro Sampaio.<\/p>\n<p style=\"text-align: justify;\">Durante Opera\u00e7\u00e3o Sufoco a Pol\u00edcia Militar Rodovi\u00e1ria registrou a ocorr\u00eancia de sinistro de tr\u00e2nsito do tipo capotamento, envolvendo autom\u00f3vel, onde o condutor foi projetado para fora do ve\u00edculo.<br \/>\nO condutor do ve\u00edculo C.C.R.M. de 33 anos, morador de Colorado\/PR, foi socorrido com vida ao Hospital de Teodoro Sampaio\/SP, por\u00e9m n\u00e3o resistiu aos ferimentos e veio a \u00f3bito por volta das 15h45min.<br \/>\nO tr\u00e2nsito no local n\u00e3o sofreu interrup\u00e7\u00f5es.<br \/>\nPol\u00edcia Cient\u00edfica foi acionada e realizou per\u00edcia no local.<\/p>\n<p><img loading=\"lazy\" decoding=\"async\" class=\"alignnone size-full wp-image-64362\" src=\"https:\/\/jorgezanoni.com.br\/2019\/wp-content\/uploads\/2022\/06\/acid.jpg\" alt=\"\" width=\"1600\" height=\"1200\" srcset=\"https:\/\/jorgezanoni.com.br\/2019\/wp-content\/uploads\/2022\/06\/acid.jpg 1600w, https:\/\/jorgezanoni.com.br\/2019\/wp-content\/uploads\/2022\/06\/acid-300x225.jpg 300w, https:\/\/jorgezanoni.com.br\/2019\/wp-content\/uploads\/2022\/06\/acid-1024x768.jpg 1024w, https:\/\/jorgezanoni.com.br\/2019\/wp-content\/uploads\/2022\/06\/acid-768x576.jpg 768w, https:\/\/jorgezanoni.com.br\/2019\/wp-content\/uploads\/2022\/06\/acid-1536x1152.jpg 1536w, https:\/\/jorgezanoni.com.br\/2019\/wp-content\/uploads\/2022\/06\/acid-80x60.jpg 80w, https:\/\/jorgezanoni.com.br\/2019\/wp-content\/uploads\/2022\/06\/acid-265x198.jpg 265w, https:\/\/jorgezanoni.com.br\/2019\/wp-content\/uploads\/2022\/06\/acid-696x522.jpg 696w, https:\/\/jorgezanoni.com.br\/2019\/wp-content\/uploads\/2022\/06\/acid-1068x801.jpg 1068w, https:\/\/jorgezanoni.com.br\/2019\/wp-content\/uploads\/2022\/06\/acid-560x420.jpg 560w\" sizes=\"auto, (max-width: 1600px) 100vw, 1600px\" \/>Fonte: \u00a02\u00b0 Pel da 2\u00aa Cia do 2\u00b0 BPRv.<\/p>\n","protected":false},"excerpt":{"rendered":"<p>Pol\u00edcia Militar Rodovi\u00e1ria atende Sinistro de Tr\u00e2nsito com 01 v\u00edtima fatal.\u00a0Acidente foi registrado \u00e0s 13h30min. de ontem (1\u00ba), na SP-613 Rodovia Arlindo Betio, km 23, sentido leste em Teodoro Sampaio. Durante Opera\u00e7\u00e3o Sufoco a Pol\u00edcia Militar Rodovi\u00e1ria registrou a ocorr\u00eancia de sinistro de tr\u00e2nsito do tipo capotamento, envolvendo autom\u00f3vel, onde o condutor foi projetado para [&hellip;]<\/p>\n","protected":false},"author":1,"featured_media":64363,"comment_status":"closed","ping_status":"open","sticky":false,"template":"","format":"standard","meta":{"footnotes":""},"categories":[170,110],"tags":[],"class_list":["post-64361","post","type-post","status-publish","format-standard","has-post-thumbnail","hentry","category-acidentes","category-noticiasdestaque"],"_links":{"self":[{"href":"https:\/\/jorgezanoni.com.br\/2019\/wp-json\/wp\/v2\/posts\/64361","targetHints":{"allow":["GET"]}}],"collection":[{"href":"https:\/\/jorgezanoni.com.br\/2019\/wp-json\/wp\/v2\/posts"}],"about":[{"href":"https:\/\/jorgezanoni.com.br\/2019\/wp-json\/wp\/v2\/types\/post"}],"author":[{"embeddable":true,"href":"https:\/\/jorgezanoni.com.br\/2019\/wp-json\/wp\/v2\/users\/1"}],"replies":[{"embeddable":true,"href":"https:\/\/jorgezanoni.com.br\/2019\/wp-json\/wp\/v2\/comments?post=64361"}],"version-history":[{"count":0,"href":"https:\/\/jorgezanoni.com.br\/2019\/wp-json\/wp\/v2\/posts\/64361\/revisions"}],"wp:featuredmedia":[{"embeddable":true,"href":"https:\/\/jorgezanoni.com.br\/2019\/wp-json\/wp\/v2\/media\/64363"}],"wp:attachment":[{"href":"https:\/\/jorgezanoni.com.br\/2019\/wp-json\/wp\/v2\/media?parent=64361"}],"wp:term":[{"taxonomy":"category","embeddable":true,"href":"https:\/\/jorgezanoni.com.br\/2019\/wp-json\/wp\/v2\/categories?post=64361"},{"taxonomy":"post_tag","embeddable":true,"href":"https:\/\/jorgezanoni.com.br\/2019\/wp-json\/wp\/v2\/tags?post=64361"}],"curies":[{"name":"wp","href":"https:\/\/api.w.org\/{rel}","templated":true}]}}