{"id":6435,"date":"2019-09-16T22:42:57","date_gmt":"2019-09-16T22:42:57","guid":{"rendered":"https:\/\/jorgezanoni.com.br\/2019\/?p=6435"},"modified":"2019-09-16T22:42:57","modified_gmt":"2019-09-16T22:42:57","slug":"onibus-desgovernado-mata-mecanico-morador-de-junqueiropolis-em-pacaembu","status":"publish","type":"post","link":"https:\/\/jorgezanoni.com.br\/2019\/onibus-desgovernado-mata-mecanico-morador-de-junqueiropolis-em-pacaembu\/","title":{"rendered":"\u00d4nibus desgovernado mata mec\u00e2nico morador de Junqueir\u00f3polis, em Pacaembu"},"content":{"rendered":"<p style=\"text-align: justify;\"><strong>\u00d4NIBUS DESGOVERNADO MATA JUNQUEIROPOLENSE EM PACAEMBU.<\/strong><\/p>\n<p><img loading=\"lazy\" decoding=\"async\" class=\"alignnone size-full wp-image-6436\" src=\"https:\/\/jorgezanoni.com.br\/2019\/wp-content\/uploads\/2019\/09\/bus\u00e3o.jpg\" alt=\"\" width=\"870\" height=\"522\" srcset=\"https:\/\/jorgezanoni.com.br\/2019\/wp-content\/uploads\/2019\/09\/bus\u00e3o.jpg 870w, https:\/\/jorgezanoni.com.br\/2019\/wp-content\/uploads\/2019\/09\/bus\u00e3o-300x180.jpg 300w, https:\/\/jorgezanoni.com.br\/2019\/wp-content\/uploads\/2019\/09\/bus\u00e3o-768x461.jpg 768w, https:\/\/jorgezanoni.com.br\/2019\/wp-content\/uploads\/2019\/09\/bus\u00e3o-696x418.jpg 696w, https:\/\/jorgezanoni.com.br\/2019\/wp-content\/uploads\/2019\/09\/bus\u00e3o-700x420.jpg 700w\" sizes=\"auto, (max-width: 870px) 100vw, 870px\" \/><\/p>\n<p style=\"text-align: justify;\"><strong>Uma fatalidade! Essa \u00e9 a palavra que expressa a morte de um junqueiropolense na tarde desta segunda-feira, 16\/9, em Pacaembu.<\/strong><\/p>\n<p style=\"text-align: justify;\">Um \u00f4nibus de uma empresa de transporte coletivo desceu de r\u00e9 da rodovi\u00e1ria da cidade de Pacaembu em marcha a r\u00e9 e desgovernado atingiu o mec\u00e2nico, da pr\u00f3pria empresa. A v\u00edtima foi identificada como sendo o mec\u00e2nico Mauro S\u00e9rgio Monteiro, morador em Junqueir\u00f3polis, 43 anos de idade, casado, que morreu no local.<\/p>\n<p style=\"text-align: justify;\">A Pol\u00edcia Militar esteve no local para as primeiras provid\u00eancias, Bombeiros tamb\u00e9m compareceram. As primeiras informa\u00e7\u00f5es d\u00e3o conta que o homem atropelado pelo coletivo estaria no local fazendo algum tipo de manuten\u00e7\u00e3o no \u00f4nibus envolvido no acidente e que apesar de parado, houve algum problema com o freio e o coletivo desceu matando o homem.<\/p>\n<p style=\"text-align: justify;\"><strong>MAIS INFORMA\u00c7\u00d5ES SOBRE A MORTE DE MAURO S\u00c9RGIO MONTEIRO<\/strong><\/p>\n<p><img loading=\"lazy\" decoding=\"async\" class=\"alignnone size-full wp-image-6437\" src=\"https:\/\/jorgezanoni.com.br\/2019\/wp-content\/uploads\/2019\/09\/bus\u00e3o2.jpg\" alt=\"\" width=\"960\" height=\"540\" srcset=\"https:\/\/jorgezanoni.com.br\/2019\/wp-content\/uploads\/2019\/09\/bus\u00e3o2.jpg 960w, https:\/\/jorgezanoni.com.br\/2019\/wp-content\/uploads\/2019\/09\/bus\u00e3o2-300x169.jpg 300w, https:\/\/jorgezanoni.com.br\/2019\/wp-content\/uploads\/2019\/09\/bus\u00e3o2-768x432.jpg 768w, https:\/\/jorgezanoni.com.br\/2019\/wp-content\/uploads\/2019\/09\/bus\u00e3o2-696x392.jpg 696w, https:\/\/jorgezanoni.com.br\/2019\/wp-content\/uploads\/2019\/09\/bus\u00e3o2-747x420.jpg 747w\" sizes=\"auto, (max-width: 960px) 100vw, 960px\" \/><\/p>\n<p style=\"text-align: justify;\">O acidente que tirou a vida do junqueiropolense Mauro S\u00e9rgio Monteiro, 43 anos, ap\u00f3s ser atropelado pelo<span class=\"text_exposed_show\">\u00a0pr\u00f3prio \u00f4nibus em que dava manuten\u00e7\u00e3o na tarde desta segunda-feira, 16\/9, na cidade de Pacaembu, comoveu os junqueiropolenses e virou a not\u00edcia mais comentada na regi\u00e3o.<\/span><\/p>\n<div class=\"text_exposed_show\">\n<p style=\"text-align: justify;\">Pilar Eliane compartilhou um testemunho na p\u00e1gina do Portal Fernando Ramos, enaltecendo a bondade de Mauro para com a causa animal:<\/p>\n<p style=\"text-align: justify;\">\u201cMiseric\u00f3rdia, Senhor. Ontem ele pegou quatro gatinhos na rua, ainda com os olhinhos fechados, e veio perguntar se eram meus. Se n\u00e3o fossem, ele iria cuidar, dando leite na seringa, apesar dele ter dito que n\u00e3o gostava de gatos. Mas que tinha d\u00f3 e cuidaria. Fiquei com os gatinhos. E Deus ficou com voc\u00ea. Que essas m\u00e3os poderosas de Deus te recebam a\u00ed no c\u00e9u e amparem seus amados aqui na terra. Am\u00e9m\u201d, escreveu a internauta.<\/p>\n<p style=\"text-align: justify;\"><strong>G1\/PRESIDENTE PRUDENTE TAMB\u00c9M REPERCUTE A FATALIDADE E DIVULGA NOTA OFICIAL DO EXPRESSO ADAMANTINA<\/strong><\/p>\n<p><img loading=\"lazy\" decoding=\"async\" class=\"alignnone size-full wp-image-6438\" src=\"https:\/\/jorgezanoni.com.br\/2019\/wp-content\/uploads\/2019\/09\/bus\u00e3o3.jpg\" alt=\"\" width=\"960\" height=\"540\" srcset=\"https:\/\/jorgezanoni.com.br\/2019\/wp-content\/uploads\/2019\/09\/bus\u00e3o3.jpg 960w, https:\/\/jorgezanoni.com.br\/2019\/wp-content\/uploads\/2019\/09\/bus\u00e3o3-300x169.jpg 300w, https:\/\/jorgezanoni.com.br\/2019\/wp-content\/uploads\/2019\/09\/bus\u00e3o3-768x432.jpg 768w, https:\/\/jorgezanoni.com.br\/2019\/wp-content\/uploads\/2019\/09\/bus\u00e3o3-696x392.jpg 696w, https:\/\/jorgezanoni.com.br\/2019\/wp-content\/uploads\/2019\/09\/bus\u00e3o3-747x420.jpg 747w\" sizes=\"auto, (max-width: 960px) 100vw, 960px\" \/><\/p>\n<p style=\"text-align: justify;\">Um homem, de 43 anos, morreu na tarde desta segunda-feira (16) enquanto trabalhava na manuten\u00e7\u00e3o de um \u00f4nibus, na Vila Peres, em Pacaembu (SP).<\/p>\n<p style=\"text-align: justify;\">De acordo com as informa\u00e7\u00f5es da Pol\u00edcia Civil, o ve\u00edculo da empresa Expresso Adamantina apresentou problema na mangueira de ar do freio quando chegava no Terminal Rodovi\u00e1rio da cidade, sendo que foi acionado um mec\u00e2nico da companhia para comparecer ao local.<\/p>\n<p style=\"text-align: justify;\">Durante o reparo, o \u00f4nibus desceu sozinho da plataforma e arrastou o mec\u00e2nico, que estava embaixo do ve\u00edculo, por cerca de 15 metros. Conforme a pol\u00edcia, uma testemunha entrou no \u00f4nibus e acionou o freio de p\u00e9 para parar o ve\u00edculo.<\/p>\n<p style=\"text-align: justify;\">A Pol\u00edcia Militar informou que o Corpo de Bombeiros compareceu o local, mas a v\u00edtima nem chegou a ser socorrida, pois j\u00e1 estava sem vida.<\/p>\n<p style=\"text-align: justify;\">Conforme o Corpo de Bombeiros, a ocorr\u00eancia foi \u00e0s 14h45 e ainda n\u00e3o se sabe se o \u00f4nibus perdeu o freio ou desceu do cavalete. O caso foi registrado na Delegacia da Pol\u00edcia Civil.<\/p>\n<p style=\"text-align: justify;\">Em nota divulgada na tarde desta segunda-feira (16), a empresa Expresso Adamantina, respons\u00e1vel pelo \u00f4nibus envolvido no acidente, informou que \u201cj\u00e1 est\u00e1 prestando toda a assist\u00eancia e apoio necess\u00e1rios \u00e0 fam\u00edlia da v\u00edtima\u201d. Veja abaixo:<\/p>\n<p><img loading=\"lazy\" decoding=\"async\" class=\"alignnone size-full wp-image-6439\" src=\"https:\/\/jorgezanoni.com.br\/2019\/wp-content\/uploads\/2019\/09\/bus\u00e3o4.jpg\" alt=\"\" width=\"960\" height=\"540\" srcset=\"https:\/\/jorgezanoni.com.br\/2019\/wp-content\/uploads\/2019\/09\/bus\u00e3o4.jpg 960w, https:\/\/jorgezanoni.com.br\/2019\/wp-content\/uploads\/2019\/09\/bus\u00e3o4-300x169.jpg 300w, https:\/\/jorgezanoni.com.br\/2019\/wp-content\/uploads\/2019\/09\/bus\u00e3o4-768x432.jpg 768w, https:\/\/jorgezanoni.com.br\/2019\/wp-content\/uploads\/2019\/09\/bus\u00e3o4-696x392.jpg 696w, https:\/\/jorgezanoni.com.br\/2019\/wp-content\/uploads\/2019\/09\/bus\u00e3o4-747x420.jpg 747w\" sizes=\"auto, (max-width: 960px) 100vw, 960px\" \/><\/p>\n<p style=\"text-align: justify;\">\u201cNOTA \u00c0 IMPRENSA.<\/p>\n<p style=\"text-align: justify;\">\u00c9 COM PESAR QUE CONFIRMAMOS O FALECIMENTO DE NOSSO COLABORADOR SR. MAURO S\u00c9RGIO MONTEIRO, V\u00cdTIMA DE ACIDENTE NA DATA DE HOJE NA CIDADE DE PACAEMBU, DURANTE O EXERC\u00cdCIO DE SUAS FUN\u00c7\u00d5ES.<\/p>\n<p style=\"text-align: justify;\">INFORMAMOS QUE AS CAUSAS E CIRCUNST\u00c2NCIAS DO ACIDENTE AINDA EST\u00c3O SENDO APURADAS PELA EMPRESA, SENDO MUITO PREMATURO POR HORA INFERIR QUALQUER CONCLUS\u00c3O.<\/p>\n<p style=\"text-align: justify;\">POR FIM, INFORMAMOS QUE O GRUPO ADAMANTINA J\u00c1 EST\u00c1 PRESTANDO TODA A ASSIST\u00caNCIA E APOIO NECESS\u00c1RIOS \u00c0 FAM\u00cdLIA DA V\u00cdTIMA.<br \/>\nATENCIOSAMENTE,<br \/>\nGRUPO ADAMANTINA\u201d.<\/p>\n<p style=\"text-align: justify;\">Fotos: Jornal O Pacaembuense, Foto do Mauro: Reprodu\u00e7\u00e3o, Fernando Ramos e G1.<\/p>\n<p style=\"text-align: justify;\">\n<\/div>\n","protected":false},"excerpt":{"rendered":"<p>\u00d4NIBUS DESGOVERNADO MATA JUNQUEIROPOLENSE EM PACAEMBU. Uma fatalidade! Essa \u00e9 a palavra que expressa a morte de um junqueiropolense na tarde desta segunda-feira, 16\/9, em Pacaembu. Um \u00f4nibus de uma empresa de transporte coletivo desceu de r\u00e9 da rodovi\u00e1ria da cidade de Pacaembu em marcha a r\u00e9 e desgovernado atingiu o mec\u00e2nico, da pr\u00f3pria empresa. [&hellip;]<\/p>\n","protected":false},"author":1,"featured_media":6440,"comment_status":"closed","ping_status":"open","sticky":false,"template":"","format":"standard","meta":{"footnotes":""},"categories":[170,110],"tags":[],"class_list":["post-6435","post","type-post","status-publish","format-standard","has-post-thumbnail","hentry","category-acidentes","category-noticiasdestaque"],"_links":{"self":[{"href":"https:\/\/jorgezanoni.com.br\/2019\/wp-json\/wp\/v2\/posts\/6435","targetHints":{"allow":["GET"]}}],"collection":[{"href":"https:\/\/jorgezanoni.com.br\/2019\/wp-json\/wp\/v2\/posts"}],"about":[{"href":"https:\/\/jorgezanoni.com.br\/2019\/wp-json\/wp\/v2\/types\/post"}],"author":[{"embeddable":true,"href":"https:\/\/jorgezanoni.com.br\/2019\/wp-json\/wp\/v2\/users\/1"}],"replies":[{"embeddable":true,"href":"https:\/\/jorgezanoni.com.br\/2019\/wp-json\/wp\/v2\/comments?post=6435"}],"version-history":[{"count":0,"href":"https:\/\/jorgezanoni.com.br\/2019\/wp-json\/wp\/v2\/posts\/6435\/revisions"}],"wp:featuredmedia":[{"embeddable":true,"href":"https:\/\/jorgezanoni.com.br\/2019\/wp-json\/wp\/v2\/media\/6440"}],"wp:attachment":[{"href":"https:\/\/jorgezanoni.com.br\/2019\/wp-json\/wp\/v2\/media?parent=6435"}],"wp:term":[{"taxonomy":"category","embeddable":true,"href":"https:\/\/jorgezanoni.com.br\/2019\/wp-json\/wp\/v2\/categories?post=6435"},{"taxonomy":"post_tag","embeddable":true,"href":"https:\/\/jorgezanoni.com.br\/2019\/wp-json\/wp\/v2\/tags?post=6435"}],"curies":[{"name":"wp","href":"https:\/\/api.w.org\/{rel}","templated":true}]}}