{"id":64348,"date":"2022-06-02T15:38:22","date_gmt":"2022-06-02T15:38:22","guid":{"rendered":"https:\/\/jorgezanoni.com.br\/2019\/?p=64348"},"modified":"2022-06-02T22:27:38","modified_gmt":"2022-06-02T22:27:38","slug":"policia-civil-participa-da-cerimonia-de-entrega-de-boina-aos-atiradores-do-tiro-de-guerra-de-dracena","status":"publish","type":"post","link":"https:\/\/jorgezanoni.com.br\/2019\/policia-civil-participa-da-cerimonia-de-entrega-de-boina-aos-atiradores-do-tiro-de-guerra-de-dracena\/","title":{"rendered":"Pol\u00edcia Civil participa da cerim\u00f4nia de entrega de Boina aos Atiradores do Tiro de Guerra de Dracena"},"content":{"rendered":"<p style=\"text-align: justify;\">A Pol\u00edcia Civil participou na noite de ter\u00e7a-feira (31), da cerim\u00f4nia de entrega da boina para atiradores do Tiro de Guerra de Dracena 02-082. O convite foi realizado pelo chefe de instru\u00e7\u00e3o Thiago Cesar Marques de Carvalho, Sargento do Ex\u00e9rcito Brasileiro, ao policial civil Reginaldo Rosa, como forma de agradecimentos aos relevantes servi\u00e7os prestados junto \u00e0quela institui\u00e7\u00e3o militar.<\/p>\n<p style=\"text-align: justify;\">O evento marca o t\u00e9rmino da fase de instru\u00e7\u00e3o individual b\u00e1sica dos jovens atiradores, que receberam a boina verde-oliva da m\u00e3o de familiares e amigos, s\u00edmbolo de reconhecimento \u00e0 austeridade e \u00e0 dedica\u00e7\u00e3o dos atiradores, e quando o soldado est\u00e1 apto para integrar fra\u00e7\u00f5es de combate.<\/p>\n<p><img loading=\"lazy\" decoding=\"async\" class=\"alignnone size-full wp-image-64374\" src=\"https:\/\/jorgezanoni.com.br\/2019\/wp-content\/uploads\/2022\/06\/TG.jpg\" alt=\"\" width=\"1079\" height=\"703\" srcset=\"https:\/\/jorgezanoni.com.br\/2019\/wp-content\/uploads\/2022\/06\/TG.jpg 1079w, https:\/\/jorgezanoni.com.br\/2019\/wp-content\/uploads\/2022\/06\/TG-300x195.jpg 300w, https:\/\/jorgezanoni.com.br\/2019\/wp-content\/uploads\/2022\/06\/TG-1024x667.jpg 1024w, https:\/\/jorgezanoni.com.br\/2019\/wp-content\/uploads\/2022\/06\/TG-768x500.jpg 768w, https:\/\/jorgezanoni.com.br\/2019\/wp-content\/uploads\/2022\/06\/TG-696x453.jpg 696w, https:\/\/jorgezanoni.com.br\/2019\/wp-content\/uploads\/2022\/06\/TG-1068x696.jpg 1068w, https:\/\/jorgezanoni.com.br\/2019\/wp-content\/uploads\/2022\/06\/TG-645x420.jpg 645w\" sizes=\"auto, (max-width: 1079px) 100vw, 1079px\" \/><\/p>\n<p style=\"text-align: justify;\">Fonte: Com. Social Pol\u00edcia Civil<\/p>\n","protected":false},"excerpt":{"rendered":"<p>A Pol\u00edcia Civil participou na noite de ter\u00e7a-feira (31), da cerim\u00f4nia de entrega da boina para atiradores do Tiro de Guerra de Dracena 02-082. O convite foi realizado pelo chefe de instru\u00e7\u00e3o Thiago Cesar Marques de Carvalho, Sargento do Ex\u00e9rcito Brasileiro, ao policial civil Reginaldo Rosa, como forma de agradecimentos aos relevantes servi\u00e7os prestados junto [&hellip;]<\/p>\n","protected":false},"author":1,"featured_media":64349,"comment_status":"closed","ping_status":"open","sticky":false,"template":"","format":"standard","meta":{"footnotes":""},"categories":[110,2],"tags":[],"class_list":["post-64348","post","type-post","status-publish","format-standard","has-post-thumbnail","hentry","category-noticiasdestaque","category-policial"],"_links":{"self":[{"href":"https:\/\/jorgezanoni.com.br\/2019\/wp-json\/wp\/v2\/posts\/64348","targetHints":{"allow":["GET"]}}],"collection":[{"href":"https:\/\/jorgezanoni.com.br\/2019\/wp-json\/wp\/v2\/posts"}],"about":[{"href":"https:\/\/jorgezanoni.com.br\/2019\/wp-json\/wp\/v2\/types\/post"}],"author":[{"embeddable":true,"href":"https:\/\/jorgezanoni.com.br\/2019\/wp-json\/wp\/v2\/users\/1"}],"replies":[{"embeddable":true,"href":"https:\/\/jorgezanoni.com.br\/2019\/wp-json\/wp\/v2\/comments?post=64348"}],"version-history":[{"count":0,"href":"https:\/\/jorgezanoni.com.br\/2019\/wp-json\/wp\/v2\/posts\/64348\/revisions"}],"wp:featuredmedia":[{"embeddable":true,"href":"https:\/\/jorgezanoni.com.br\/2019\/wp-json\/wp\/v2\/media\/64349"}],"wp:attachment":[{"href":"https:\/\/jorgezanoni.com.br\/2019\/wp-json\/wp\/v2\/media?parent=64348"}],"wp:term":[{"taxonomy":"category","embeddable":true,"href":"https:\/\/jorgezanoni.com.br\/2019\/wp-json\/wp\/v2\/categories?post=64348"},{"taxonomy":"post_tag","embeddable":true,"href":"https:\/\/jorgezanoni.com.br\/2019\/wp-json\/wp\/v2\/tags?post=64348"}],"curies":[{"name":"wp","href":"https:\/\/api.w.org\/{rel}","templated":true}]}}