{"id":64315,"date":"2022-06-01T23:26:36","date_gmt":"2022-06-01T23:26:36","guid":{"rendered":"https:\/\/jorgezanoni.com.br\/2019\/?p=64315"},"modified":"2022-06-01T23:26:36","modified_gmt":"2022-06-01T23:26:36","slug":"policia-civil-esclarece-e-identifica-homem-suspeito-de-autoria-de-roubo-em-junqueiropolis","status":"publish","type":"post","link":"https:\/\/jorgezanoni.com.br\/2019\/policia-civil-esclarece-e-identifica-homem-suspeito-de-autoria-de-roubo-em-junqueiropolis\/","title":{"rendered":"Pol\u00edcia Civil esclarece e identifica homem suspeito de autoria de roubo em Junqueir\u00f3polis"},"content":{"rendered":"<p style=\"text-align: justify;\">CASO RESOLVIDO: POL\u00cdCIA CIVIL ESCLARECE E IDENTIFICA HOMEM SUSPEITO DE AUTORIA DE ROUBO EM JUNQUEIR\u00d3POLIS.<\/p>\n<p style=\"text-align: justify;\">A Pol\u00edcia Civil representou pela pris\u00e3o tempor\u00e1ria do acusado, que foi preso hoje (1\u00ba) pela Pol\u00edcia Militar durante patrulhamento, em Dracena.<\/p>\n<p style=\"text-align: justify;\">A Pol\u00edcia Civil, por interm\u00e9dio da Delegacia de Pol\u00edcia de Junqueir\u00f3polis, esclareceu a autoria de um roubo ocorrido, por volta das 20 horas, na noite do dia 19 de junho, naquele munic\u00edpio.<br \/>\nNa ocasi\u00e3o, um indiv\u00edduo, mediante viol\u00eancia, subtraiu um aparelho celular e cart\u00f5es banc\u00e1rios, de um homem de 38 anos, evadindo-se do local em seguida. Em decorr\u00eancia da viol\u00eancia sofrida a v\u00edtima passou por atendimento no Pronto Socorro, de Junqueir\u00f3polis, onde foi constatado les\u00e3o nas pernas devido \u00e0 queda sofrida na agress\u00e3o.<br \/>\nFoi instaurado inqu\u00e9rito policial que identificou o suspeito da autoria do crime, um jovem de 24 anos, raz\u00e3o pela qual a foi solicitado ao ju\u00edzo da comarca a decreta\u00e7\u00e3o da pris\u00e3o tempor\u00e1ria do autor. O suspeito foi preso na manh\u00e3 desta quarta-feira (1) na cidade de Dracena, por integrantes da Pol\u00edcia Militar, encaminhado para o Plant\u00e3o Policial onde foi cumprindo o respectivo mandado de pris\u00e3o tempor\u00e1rio em desfavor do acusado.<br \/>\nEle foi reconhecido pela v\u00edtima e os policiais civis apreenderam os cart\u00f5es banc\u00e1rios que foram restitu\u00eddos \u00e0 v\u00edtima. O preso foi indiciado pelo crime de roubo, previsto no artigo 157 do C\u00f3digo Penal, cuja pena \u00e9 de 4 a 10 anos. A Pol\u00edcia Civil apura ainda, a participa\u00e7\u00e3o do indiv\u00edduo em ao menos dois outros crimes de furtos, ocorridos na cidade de Junqueir\u00f3polis. O acusado j\u00e1 possui antecedentes criminais pelos crimes roubo e furto, e no sistema consta ser egresso do sistema penal desde do dia 28, do m\u00eas de dezembro passado.<\/p>\n<p><img loading=\"lazy\" decoding=\"async\" class=\"alignnone size-full wp-image-64317\" src=\"https:\/\/jorgezanoni.com.br\/2019\/wp-content\/uploads\/2022\/06\/civil1.jpg\" alt=\"\" width=\"1280\" height=\"912\" srcset=\"https:\/\/jorgezanoni.com.br\/2019\/wp-content\/uploads\/2022\/06\/civil1.jpg 1280w, https:\/\/jorgezanoni.com.br\/2019\/wp-content\/uploads\/2022\/06\/civil1-300x214.jpg 300w, https:\/\/jorgezanoni.com.br\/2019\/wp-content\/uploads\/2022\/06\/civil1-1024x730.jpg 1024w, https:\/\/jorgezanoni.com.br\/2019\/wp-content\/uploads\/2022\/06\/civil1-768x547.jpg 768w, https:\/\/jorgezanoni.com.br\/2019\/wp-content\/uploads\/2022\/06\/civil1-100x70.jpg 100w, https:\/\/jorgezanoni.com.br\/2019\/wp-content\/uploads\/2022\/06\/civil1-696x496.jpg 696w, https:\/\/jorgezanoni.com.br\/2019\/wp-content\/uploads\/2022\/06\/civil1-1068x761.jpg 1068w, https:\/\/jorgezanoni.com.br\/2019\/wp-content\/uploads\/2022\/06\/civil1-589x420.jpg 589w\" sizes=\"auto, (max-width: 1280px) 100vw, 1280px\" \/>Fonte: Com. Social Pol\u00edcia Civil<\/p>\n","protected":false},"excerpt":{"rendered":"<p>CASO RESOLVIDO: POL\u00cdCIA CIVIL ESCLARECE E IDENTIFICA HOMEM SUSPEITO DE AUTORIA DE ROUBO EM JUNQUEIR\u00d3POLIS. A Pol\u00edcia Civil representou pela pris\u00e3o tempor\u00e1ria do acusado, que foi preso hoje (1\u00ba) pela Pol\u00edcia Militar durante patrulhamento, em Dracena. A Pol\u00edcia Civil, por interm\u00e9dio da Delegacia de Pol\u00edcia de Junqueir\u00f3polis, esclareceu a autoria de um roubo ocorrido, por [&hellip;]<\/p>\n","protected":false},"author":1,"featured_media":64316,"comment_status":"closed","ping_status":"open","sticky":false,"template":"","format":"standard","meta":{"footnotes":""},"categories":[110,2],"tags":[],"class_list":["post-64315","post","type-post","status-publish","format-standard","has-post-thumbnail","hentry","category-noticiasdestaque","category-policial"],"_links":{"self":[{"href":"https:\/\/jorgezanoni.com.br\/2019\/wp-json\/wp\/v2\/posts\/64315","targetHints":{"allow":["GET"]}}],"collection":[{"href":"https:\/\/jorgezanoni.com.br\/2019\/wp-json\/wp\/v2\/posts"}],"about":[{"href":"https:\/\/jorgezanoni.com.br\/2019\/wp-json\/wp\/v2\/types\/post"}],"author":[{"embeddable":true,"href":"https:\/\/jorgezanoni.com.br\/2019\/wp-json\/wp\/v2\/users\/1"}],"replies":[{"embeddable":true,"href":"https:\/\/jorgezanoni.com.br\/2019\/wp-json\/wp\/v2\/comments?post=64315"}],"version-history":[{"count":0,"href":"https:\/\/jorgezanoni.com.br\/2019\/wp-json\/wp\/v2\/posts\/64315\/revisions"}],"wp:featuredmedia":[{"embeddable":true,"href":"https:\/\/jorgezanoni.com.br\/2019\/wp-json\/wp\/v2\/media\/64316"}],"wp:attachment":[{"href":"https:\/\/jorgezanoni.com.br\/2019\/wp-json\/wp\/v2\/media?parent=64315"}],"wp:term":[{"taxonomy":"category","embeddable":true,"href":"https:\/\/jorgezanoni.com.br\/2019\/wp-json\/wp\/v2\/categories?post=64315"},{"taxonomy":"post_tag","embeddable":true,"href":"https:\/\/jorgezanoni.com.br\/2019\/wp-json\/wp\/v2\/tags?post=64315"}],"curies":[{"name":"wp","href":"https:\/\/api.w.org\/{rel}","templated":true}]}}