{"id":64305,"date":"2022-06-01T21:24:40","date_gmt":"2022-06-01T21:24:40","guid":{"rendered":"https:\/\/jorgezanoni.com.br\/2019\/?p=64305"},"modified":"2022-06-01T21:24:40","modified_gmt":"2022-06-01T21:24:40","slug":"academicos-da-unifadra-publicam-trabalho-sobre-a-sindrome-de-down-em-revista-cientifica","status":"publish","type":"post","link":"https:\/\/jorgezanoni.com.br\/2019\/academicos-da-unifadra-publicam-trabalho-sobre-a-sindrome-de-down-em-revista-cientifica\/","title":{"rendered":"Acad\u00eamicos da Unifadra publicam trabalho sobre a S\u00edndrome de Down em revista cient\u00edfica"},"content":{"rendered":"<p style=\"text-align: justify;\"><i><strong><span style=\"font-size: large;\">Bruna Frascino Bressan Correa e Luiz Eduardo do Carmo Vidal s\u00e3o os primeiros alunos do curso de Medicina da Unifadra Dracena a participar de uma publica\u00e7\u00e3o cient\u00edfica.<\/span><\/strong><br \/>\n<\/i><br \/>\n<span style=\"font-size: large;\">Integrantes da primeira turma de Medicina da Unifadra Dracena, os alunos Bruna Frascino Bressan Correa e Luiz Eduardo do Carmo Vidal vinham desenvolvendo seu trabalho de conclus\u00e3o de curso (TCC) e, com o material, realizaram a publica\u00e7\u00e3o de um artigo intitulado: &#8220;Levantamento bibliogr\u00e1fico das principais cardiopatias cong\u00eanitas associadas \u00e0 S\u00edndrome de Down no Brasil&#8221; na revista Research, Society and Development.<\/span><\/p>\n<p><span style=\"font-size: large;\">A revista \u00e9 uma publica\u00e7\u00e3o cient\u00edfica mensal e multidisciplinar focada em promover o desenvolvimento social, cient\u00edfico e tecnol\u00f3gico que apresenta os resultados ocorridos em diferentes \u00e1reas do conhecimento. Ela recebe o conceito A3 da CAPES, funda\u00e7\u00e3o vinculada ao Minist\u00e9rio da Educa\u00e7\u00e3o do Brasil que atua na expans\u00e3o e consolida\u00e7\u00e3o da p\u00f3s-gradua\u00e7\u00e3o\u00a0<i>stricto sensu<\/i>\u00a0em todos os estados brasileiros.<\/span><\/p>\n<p><span style=\"font-size: large;\">Orientados pelo\u00a0<\/span>Prof. Dr.<span style=\"font-size: large;\">\u00a0\u00c9rico Torrieri, os alunos realizaram uma revis\u00e3o bibliogr\u00e1fica integrativa, identificando as mais importantes atualiza\u00e7\u00f5es referentes \u00e0s principais cardiopatias cong\u00eanitas associadas \u00e0 s\u00edndrome de Down no Brasil.<\/span><\/p>\n<p><span style=\"font-size: large;\">O trabalho destacou o defeito do septo atrioventricular (AVSD), uma cardiopatia cong\u00eanita prevalente em indiv\u00edduos com S\u00edndrome de Down, e tamb\u00e9m enfatizou a correla\u00e7\u00e3o dos genes CRELD1, CRELD2, GATA4, GATA5, FBLN2, FRZB e BMP4, que aumentam a suscetibilidade \u00e0 s\u00edndrome.<\/span><\/p>\n<p><span style=\"font-size: large;\">Essas novas descobertas, que fundamentaram o trabalho, s\u00e3o consideradas um grande avan\u00e7o para a Medicina, pois s\u00e3o o ponto de partida para compreender integralmente essa comorbidade no cora\u00e7\u00e3o, t\u00e3o prevalente na S\u00edndrome de Down. Os alunos ainda apontaram as mais recentes propostas terap\u00eauticas na busca de uma melhor qualidade de vida dos pacientes acometidos pela s\u00edndrome.<\/span><\/p>\n<p><span style=\"font-size: large;\">O artigo pode ser conferido no link (vol. 11, n\u00ba 6, ano 2022):\u00a0<a href=\"https:\/\/rsdjournal.org\/index.php\/rsd\/article\/view\/29167\" target=\"_blank\" rel=\"noopener noreferrer\">https:\/\/rsdjournal.org\/index.php\/rsd\/article\/view\/29167<\/a><\/span><\/p>\n<p><span style=\"font-size: large;\">\u00c0s v\u00e9speras de se formar, Bruna e Luiz Eduardo ainda t\u00eam mais 4 meses de curso pela frente antes de conseguir seus CRM. Ela j\u00e1 escolheu a Pediatria como sua especialidade e revelou o desejo de &#8220;trabalhar em terapia intensiva pedi\u00e1trica&#8221; e ele busca se tornar um anestesiologista.<\/span><\/p>\n<p><span style=\"font-size: large;\">Os alunos ainda ressaltam que o que os motivou a escolher esse tema foi que atualmente n\u00e3o existem muitas pesquisas que abordam a\u00a0<\/span>fisiopatogenia<span style=\"font-size: large;\">\u00a0das cardiopatias mediante a S\u00edndrome de Down e, como \u00e9 bem prevalente, eles julgaram que seria relevante estudar as novas atualiza\u00e7\u00f5es nesse contexto. A dupla ainda destaca que essa publica\u00e7\u00e3o foi fruto de muito estudo e dedica\u00e7\u00e3o, que\u00a0<\/span>ele<span style=\"font-size: large;\">\u00a0est\u00e3o trabalhando em cima dela h\u00e1 mais de 2 anos e est\u00e3o muito satisfeitos e orgulhosos do trabalho feito.<\/span><\/p>\n<p><span style=\"font-size: large;\">Agora, o trabalho j\u00e1 publicado vai ser adequado \u00e0s normas exigidas para finaliza\u00e7\u00e3o do TCC para entrega no curso de Medicina da Unifadra Dracena.<\/span><\/p>\n<p><span style=\"font-size: large;\">A\u00a0<\/span>Profa. Dra.<span style=\"font-size: large;\">\u00a0Marilda Aparecida Milanez Morgado de Abreu, coordenadora do curso de Medicina, ressalta que &#8220;a pesquisa \u00e9 algo que sempre deve ser estimulada nos acad\u00eamicos de Medicina. E a publica\u00e7\u00e3o dos resultados, sob a forma de um artigo, em uma revista importante, \u00e9 o desejo de todo pesquisador. Parabenizo os alunos e o orientador por esta conquista&#8221;.<\/span><\/p>\n<p><span style=\"font-size: large;\">A dire\u00e7\u00e3o acad\u00eamica e a coordena\u00e7\u00e3o da Unifadra parabenizam os alunos Bruna e Luiz Eduardo e o professor \u00c9rico pelo desenvolvimento do trabalho e a publica\u00e7\u00e3o do artigo e ressaltam a import\u00e2ncia do compartilhamento das informa\u00e7\u00f5es e dos resultados obtidos em peri\u00f3dicos especializados.<\/span><\/p>\n<p>Fonte: Depto. de Comunica\u00e7\u00e3o da Fundec<\/p>\n","protected":false},"excerpt":{"rendered":"<p>Bruna Frascino Bressan Correa e Luiz Eduardo do Carmo Vidal s\u00e3o os primeiros alunos do curso de Medicina da Unifadra Dracena a participar de uma publica\u00e7\u00e3o cient\u00edfica. Integrantes da primeira turma de Medicina da Unifadra Dracena, os alunos Bruna Frascino Bressan Correa e Luiz Eduardo do Carmo Vidal vinham desenvolvendo seu trabalho de conclus\u00e3o de [&hellip;]<\/p>\n","protected":false},"author":1,"featured_media":64306,"comment_status":"closed","ping_status":"open","sticky":false,"template":"","format":"standard","meta":{"footnotes":""},"categories":[110,122],"tags":[],"class_list":["post-64305","post","type-post","status-publish","format-standard","has-post-thumbnail","hentry","category-noticiasdestaque","category-saudeeducacaoeconcurso"],"_links":{"self":[{"href":"https:\/\/jorgezanoni.com.br\/2019\/wp-json\/wp\/v2\/posts\/64305","targetHints":{"allow":["GET"]}}],"collection":[{"href":"https:\/\/jorgezanoni.com.br\/2019\/wp-json\/wp\/v2\/posts"}],"about":[{"href":"https:\/\/jorgezanoni.com.br\/2019\/wp-json\/wp\/v2\/types\/post"}],"author":[{"embeddable":true,"href":"https:\/\/jorgezanoni.com.br\/2019\/wp-json\/wp\/v2\/users\/1"}],"replies":[{"embeddable":true,"href":"https:\/\/jorgezanoni.com.br\/2019\/wp-json\/wp\/v2\/comments?post=64305"}],"version-history":[{"count":0,"href":"https:\/\/jorgezanoni.com.br\/2019\/wp-json\/wp\/v2\/posts\/64305\/revisions"}],"wp:featuredmedia":[{"embeddable":true,"href":"https:\/\/jorgezanoni.com.br\/2019\/wp-json\/wp\/v2\/media\/64306"}],"wp:attachment":[{"href":"https:\/\/jorgezanoni.com.br\/2019\/wp-json\/wp\/v2\/media?parent=64305"}],"wp:term":[{"taxonomy":"category","embeddable":true,"href":"https:\/\/jorgezanoni.com.br\/2019\/wp-json\/wp\/v2\/categories?post=64305"},{"taxonomy":"post_tag","embeddable":true,"href":"https:\/\/jorgezanoni.com.br\/2019\/wp-json\/wp\/v2\/tags?post=64305"}],"curies":[{"name":"wp","href":"https:\/\/api.w.org\/{rel}","templated":true}]}}