{"id":6430,"date":"2019-09-16T16:31:14","date_gmt":"2019-09-16T16:31:14","guid":{"rendered":"https:\/\/jorgezanoni.com.br\/2019\/?p=6430"},"modified":"2019-09-16T16:33:01","modified_gmt":"2019-09-16T16:33:01","slug":"equipe-dracenense-de-voley-adaptado-jogou-sabado-em-ilha-solteira","status":"publish","type":"post","link":"https:\/\/jorgezanoni.com.br\/2019\/equipe-dracenense-de-voley-adaptado-jogou-sabado-em-ilha-solteira\/","title":{"rendered":"Equipe dracenense de Voley adaptado jogou s\u00e1bado em Ilha Solteira pela Liga Regional"},"content":{"rendered":"<p>Veja como foram os resultados.<\/p>\n<p>Dracena x Auriflama 2&#215;1 (15&#215;17 17&#215;16 15&#215;10)<br \/>\nDracena x Jales 2&#215;0 (15&#215;13 15&#215;07)<\/p>\n<p>A equipe de Dracena jogo com:<br \/>\nOsmar, Vino, Tr\u00f3ia, Cordeiro, Z\u00e9 Benedito<br \/>\nOscar, Valdir, Olaria, Douglas e Fl\u00e1vio.<br \/>\nT\u00e9cnico: Kareka<\/p>\n<p>Veja a tabela dos pr\u00f3ximos jogos:<\/p>\n<p><img loading=\"lazy\" decoding=\"async\" class=\"alignnone size-full wp-image-6431\" src=\"https:\/\/jorgezanoni.com.br\/2019\/wp-content\/uploads\/2019\/09\/volei-ada1.jpg\" alt=\"\" width=\"494\" height=\"350\" srcset=\"https:\/\/jorgezanoni.com.br\/2019\/wp-content\/uploads\/2019\/09\/volei-ada1.jpg 494w, https:\/\/jorgezanoni.com.br\/2019\/wp-content\/uploads\/2019\/09\/volei-ada1-300x213.jpg 300w, https:\/\/jorgezanoni.com.br\/2019\/wp-content\/uploads\/2019\/09\/volei-ada1-100x70.jpg 100w\" sizes=\"auto, (max-width: 494px) 100vw, 494px\" \/><\/p>\n","protected":false},"excerpt":{"rendered":"<p>Veja como foram os resultados. Dracena x Auriflama 2&#215;1 (15&#215;17 17&#215;16 15&#215;10) Dracena x Jales 2&#215;0 (15&#215;13 15&#215;07) A equipe de Dracena jogo com: Osmar, Vino, Tr\u00f3ia, Cordeiro, Z\u00e9 Benedito Oscar, Valdir, Olaria, Douglas e Fl\u00e1vio. T\u00e9cnico: Kareka Veja a tabela dos pr\u00f3ximos jogos:<\/p>\n","protected":false},"author":1,"featured_media":6432,"comment_status":"closed","ping_status":"open","sticky":false,"template":"","format":"standard","meta":{"footnotes":""},"categories":[111],"tags":[],"class_list":["post-6430","post","type-post","status-publish","format-standard","has-post-thumbnail","hentry","category-esporteecultura"],"_links":{"self":[{"href":"https:\/\/jorgezanoni.com.br\/2019\/wp-json\/wp\/v2\/posts\/6430","targetHints":{"allow":["GET"]}}],"collection":[{"href":"https:\/\/jorgezanoni.com.br\/2019\/wp-json\/wp\/v2\/posts"}],"about":[{"href":"https:\/\/jorgezanoni.com.br\/2019\/wp-json\/wp\/v2\/types\/post"}],"author":[{"embeddable":true,"href":"https:\/\/jorgezanoni.com.br\/2019\/wp-json\/wp\/v2\/users\/1"}],"replies":[{"embeddable":true,"href":"https:\/\/jorgezanoni.com.br\/2019\/wp-json\/wp\/v2\/comments?post=6430"}],"version-history":[{"count":0,"href":"https:\/\/jorgezanoni.com.br\/2019\/wp-json\/wp\/v2\/posts\/6430\/revisions"}],"wp:featuredmedia":[{"embeddable":true,"href":"https:\/\/jorgezanoni.com.br\/2019\/wp-json\/wp\/v2\/media\/6432"}],"wp:attachment":[{"href":"https:\/\/jorgezanoni.com.br\/2019\/wp-json\/wp\/v2\/media?parent=6430"}],"wp:term":[{"taxonomy":"category","embeddable":true,"href":"https:\/\/jorgezanoni.com.br\/2019\/wp-json\/wp\/v2\/categories?post=6430"},{"taxonomy":"post_tag","embeddable":true,"href":"https:\/\/jorgezanoni.com.br\/2019\/wp-json\/wp\/v2\/tags?post=6430"}],"curies":[{"name":"wp","href":"https:\/\/api.w.org\/{rel}","templated":true}]}}