{"id":64271,"date":"2022-06-01T01:19:20","date_gmt":"2022-06-01T01:19:20","guid":{"rendered":"https:\/\/jorgezanoni.com.br\/2019\/?p=64271"},"modified":"2022-06-01T01:19:20","modified_gmt":"2022-06-01T01:19:20","slug":"policia-militar-prende-autor-de-furto-em-flagrante-e-devolve-material-a-vitima","status":"publish","type":"post","link":"https:\/\/jorgezanoni.com.br\/2019\/policia-militar-prende-autor-de-furto-em-flagrante-e-devolve-material-a-vitima\/","title":{"rendered":"Pol\u00edcia Militar prende autor de furto em flagrante e devolve material \u00e0 vitima"},"content":{"rendered":"<p style=\"text-align: justify;\"><strong>SEMPRE ATENTOS: POL\u00cdCIA MILITAR EM DRACENA PRENDE AUTOR DE FURTO EM FLAGRANTE E DEVOLVE MATERIAL DE TRABALHO FURTADO \u00c0 V\u00cdTIMA<\/strong>.<\/p>\n<p style=\"text-align: justify;\">Na data de hoje (31) por volta das 00h21min a equipe da Pol\u00edcia Militar em Dracena realizava patrulhamento preventivo pela \u00e1rea central, no combate a il\u00edcitos penais, quando foi avistado um indiv\u00edduo sair do interior de uma constru\u00e7\u00e3o com um rolo de fios de energia nas m\u00e3os que, ao notar a presen\u00e7a da viatura policial tentou evadir, mas foi abordado e em seguida foi realizado busca pessoal que, foi localizado em suas vestes uma l\u00e2mpada e a quantia de R$7,00(sete reais). Em breve entrevista o indiciado (homem 25 anos) confessou ter subtra\u00eddo os fios bem como a l\u00e2mpada do interior da resid\u00eancia em constru\u00e7\u00e3o e que voltaria para buscar mais. Feito contato com a moradora da resid\u00eancia que confirmou o material como sendo do pedreiro (homem 52 anos) que est\u00e1 fazendo a reforma da casa. Em vistoria no interior da referida constru\u00e7\u00e3o foi constatado que os fios que ligam o padr\u00e3o de energia estavam arrancados e enrolados no ch\u00e3o, confirmando realmente que o indiciado teria inten\u00e7\u00e3o de voltar para buscar este material. Diante dos fatos foi dado voz de pris\u00e3o em flagrante por furto permanecendo preso \u00e0 disposi\u00e7\u00e3o da Justi\u00e7a. O material foi apreendido e devolvido ao propriet\u00e1rio. O produto do furto eram aproximadamente 150 metros de fio, com valor aproximado de R$600,00 (seiscentos reais).<\/p>\n<p style=\"text-align: justify;\">\n#25bpmi<br \/>\n#cpi8<br \/>\n#POLICIAMILITARSP<br \/>\n#AFOR\u00c7AP\u00daBLICADES\u00c3OPAULO<br \/>\nComunica\u00e7\u00e3o Social do 25BPMI e regi\u00e3o<\/p>\n","protected":false},"excerpt":{"rendered":"<p>SEMPRE ATENTOS: POL\u00cdCIA MILITAR EM DRACENA PRENDE AUTOR DE FURTO EM FLAGRANTE E DEVOLVE MATERIAL DE TRABALHO FURTADO \u00c0 V\u00cdTIMA. Na data de hoje (31) por volta das 00h21min a equipe da Pol\u00edcia Militar em Dracena realizava patrulhamento preventivo pela \u00e1rea central, no combate a il\u00edcitos penais, quando foi avistado um indiv\u00edduo sair do interior [&hellip;]<\/p>\n","protected":false},"author":1,"featured_media":64272,"comment_status":"closed","ping_status":"open","sticky":false,"template":"","format":"standard","meta":{"footnotes":""},"categories":[110,2],"tags":[],"class_list":["post-64271","post","type-post","status-publish","format-standard","has-post-thumbnail","hentry","category-noticiasdestaque","category-policial"],"_links":{"self":[{"href":"https:\/\/jorgezanoni.com.br\/2019\/wp-json\/wp\/v2\/posts\/64271","targetHints":{"allow":["GET"]}}],"collection":[{"href":"https:\/\/jorgezanoni.com.br\/2019\/wp-json\/wp\/v2\/posts"}],"about":[{"href":"https:\/\/jorgezanoni.com.br\/2019\/wp-json\/wp\/v2\/types\/post"}],"author":[{"embeddable":true,"href":"https:\/\/jorgezanoni.com.br\/2019\/wp-json\/wp\/v2\/users\/1"}],"replies":[{"embeddable":true,"href":"https:\/\/jorgezanoni.com.br\/2019\/wp-json\/wp\/v2\/comments?post=64271"}],"version-history":[{"count":0,"href":"https:\/\/jorgezanoni.com.br\/2019\/wp-json\/wp\/v2\/posts\/64271\/revisions"}],"wp:featuredmedia":[{"embeddable":true,"href":"https:\/\/jorgezanoni.com.br\/2019\/wp-json\/wp\/v2\/media\/64272"}],"wp:attachment":[{"href":"https:\/\/jorgezanoni.com.br\/2019\/wp-json\/wp\/v2\/media?parent=64271"}],"wp:term":[{"taxonomy":"category","embeddable":true,"href":"https:\/\/jorgezanoni.com.br\/2019\/wp-json\/wp\/v2\/categories?post=64271"},{"taxonomy":"post_tag","embeddable":true,"href":"https:\/\/jorgezanoni.com.br\/2019\/wp-json\/wp\/v2\/tags?post=64271"}],"curies":[{"name":"wp","href":"https:\/\/api.w.org\/{rel}","templated":true}]}}