{"id":6427,"date":"2019-09-16T12:47:58","date_gmt":"2019-09-16T12:47:58","guid":{"rendered":"https:\/\/jorgezanoni.com.br\/2019\/?p=6427"},"modified":"2019-09-16T12:47:58","modified_gmt":"2019-09-16T12:47:58","slug":"lanchonete-pega-fogo-no-centro-de-venceslau","status":"publish","type":"post","link":"https:\/\/jorgezanoni.com.br\/2019\/lanchonete-pega-fogo-no-centro-de-venceslau\/","title":{"rendered":"Lanchonete pega fogo no centro de Venceslau"},"content":{"rendered":"<p style=\"text-align: justify;\">Um inc\u00eandio foi registrado na madrugada desta segunda-feira (16) em um dos quiosques da Pra\u00e7a do Correio onde funciona uma lanchonete no centro de Presidente Venceslau. A ocorr\u00eancia teve in\u00edcio por volta das 3 horas e as chamas foram controladas pela equipe do Corpo de Bombeiros. N\u00e3o houve feridos.<\/p>\n<p style=\"text-align: justify;\">De acordo com testemunhas, o inc\u00eandio come\u00e7ou na parte interna da lanchonete que estava fechada. N\u00e3o havia pessoas no local.<\/p>\n<p style=\"text-align: justify;\">Um dos quiosques ainda estava em funcionamento e o propriet\u00e1rio foi quem acionou o Corpo de Bombeiros para controlar o fogo. A r\u00e1pida a\u00e7\u00e3o evitou maiores danos no local.<\/p>\n<p style=\"text-align: justify;\">A per\u00edcia t\u00e9cnica foi acionada e um laudo ser\u00e1 elaborado para apurar quais as causas do inc\u00eandio.<\/p>\n<p style=\"text-align: justify;\">Fonte: Portal Bueno<\/p>\n","protected":false},"excerpt":{"rendered":"<p>Um inc\u00eandio foi registrado na madrugada desta segunda-feira (16) em um dos quiosques da Pra\u00e7a do Correio onde funciona uma lanchonete no centro de Presidente Venceslau. A ocorr\u00eancia teve in\u00edcio por volta das 3 horas e as chamas foram controladas pela equipe do Corpo de Bombeiros. N\u00e3o houve feridos. De acordo com testemunhas, o inc\u00eandio [&hellip;]<\/p>\n","protected":false},"author":1,"featured_media":6428,"comment_status":"closed","ping_status":"open","sticky":false,"template":"","format":"standard","meta":{"footnotes":""},"categories":[2],"tags":[],"class_list":["post-6427","post","type-post","status-publish","format-standard","has-post-thumbnail","hentry","category-policial"],"_links":{"self":[{"href":"https:\/\/jorgezanoni.com.br\/2019\/wp-json\/wp\/v2\/posts\/6427","targetHints":{"allow":["GET"]}}],"collection":[{"href":"https:\/\/jorgezanoni.com.br\/2019\/wp-json\/wp\/v2\/posts"}],"about":[{"href":"https:\/\/jorgezanoni.com.br\/2019\/wp-json\/wp\/v2\/types\/post"}],"author":[{"embeddable":true,"href":"https:\/\/jorgezanoni.com.br\/2019\/wp-json\/wp\/v2\/users\/1"}],"replies":[{"embeddable":true,"href":"https:\/\/jorgezanoni.com.br\/2019\/wp-json\/wp\/v2\/comments?post=6427"}],"version-history":[{"count":0,"href":"https:\/\/jorgezanoni.com.br\/2019\/wp-json\/wp\/v2\/posts\/6427\/revisions"}],"wp:featuredmedia":[{"embeddable":true,"href":"https:\/\/jorgezanoni.com.br\/2019\/wp-json\/wp\/v2\/media\/6428"}],"wp:attachment":[{"href":"https:\/\/jorgezanoni.com.br\/2019\/wp-json\/wp\/v2\/media?parent=6427"}],"wp:term":[{"taxonomy":"category","embeddable":true,"href":"https:\/\/jorgezanoni.com.br\/2019\/wp-json\/wp\/v2\/categories?post=6427"},{"taxonomy":"post_tag","embeddable":true,"href":"https:\/\/jorgezanoni.com.br\/2019\/wp-json\/wp\/v2\/tags?post=6427"}],"curies":[{"name":"wp","href":"https:\/\/api.w.org\/{rel}","templated":true}]}}