{"id":64266,"date":"2022-06-01T00:25:43","date_gmt":"2022-06-01T00:25:43","guid":{"rendered":"https:\/\/jorgezanoni.com.br\/2019\/?p=64266"},"modified":"2022-06-01T00:25:43","modified_gmt":"2022-06-01T00:25:43","slug":"acidente-na-sp-563-trecho-dracena-a-ouro-verde-deixa-uma-vitima-em-estado-grave","status":"publish","type":"post","link":"https:\/\/jorgezanoni.com.br\/2019\/acidente-na-sp-563-trecho-dracena-a-ouro-verde-deixa-uma-vitima-em-estado-grave\/","title":{"rendered":"Acidente na SP-563 trecho Dracena a Ouro Verde, deixa uma v\u00edtima em estado grave"},"content":{"rendered":"<p style=\"text-align: justify;\"><strong>Acidente foi registrado na Rodovia General Euclides de Oliveira Figueiredo, KM 131, no munic\u00edpio de Dracena.<\/strong><\/p>\n<p style=\"text-align: justify;\">Segundo informa\u00e7\u00f5es obtidas pela reportagem do Site JZ, colidiram lateralmente, um ve\u00edculo de passeio e um caminh\u00e3o de Usina da regi\u00e3o. Foi nas proximidades do pontilh\u00e3o da antiga Fepasa , cerca de 2 Kms. ap\u00f3s o trevo que d\u00e1 acesso a Rodovia Jo\u00e3o Ara\u00fajo (Aeroporto) de Dracena.<\/p>\n<p style=\"text-align: justify;\">O condutor do ve\u00edculo, um Pol\u00edcial Militar reformado, teria sofrido ferimentos com gravidade, principalmente nas pernas e foi socorrido por uma Unidade de Resgate do Corpo de Bombeiros, ao Pronto Atendimento Municipal de Dracena.<\/p>\n<p style=\"text-align: justify;\">A Pol\u00edcia Militar Rodovi\u00e1ria se encontra no local.<\/p>\n<p style=\"text-align: justify;\">A ocorr\u00eancia ainda est\u00e1 em andamento, voltaremos com mais informa\u00e7\u00f5es.<\/p>\n<p><img loading=\"lazy\" decoding=\"async\" class=\"alignnone size-full wp-image-64267\" src=\"https:\/\/jorgezanoni.com.br\/2019\/wp-content\/uploads\/2022\/06\/Acidente-2.jpg\" alt=\"\" width=\"540\" height=\"960\" srcset=\"https:\/\/jorgezanoni.com.br\/2019\/wp-content\/uploads\/2022\/06\/Acidente-2.jpg 540w, https:\/\/jorgezanoni.com.br\/2019\/wp-content\/uploads\/2022\/06\/Acidente-2-169x300.jpg 169w, https:\/\/jorgezanoni.com.br\/2019\/wp-content\/uploads\/2022\/06\/Acidente-2-236x420.jpg 236w\" sizes=\"auto, (max-width: 540px) 100vw, 540px\" \/> <img loading=\"lazy\" decoding=\"async\" class=\"alignnone size-full wp-image-64268\" src=\"https:\/\/jorgezanoni.com.br\/2019\/wp-content\/uploads\/2022\/06\/Acidente.jpg\" alt=\"\" width=\"540\" height=\"960\" srcset=\"https:\/\/jorgezanoni.com.br\/2019\/wp-content\/uploads\/2022\/06\/Acidente.jpg 540w, https:\/\/jorgezanoni.com.br\/2019\/wp-content\/uploads\/2022\/06\/Acidente-169x300.jpg 169w, https:\/\/jorgezanoni.com.br\/2019\/wp-content\/uploads\/2022\/06\/Acidente-236x420.jpg 236w\" sizes=\"auto, (max-width: 540px) 100vw, 540px\" \/><\/p>\n<p style=\"text-align: justify;\">Jorge Zanoni<\/p>\n<p style=\"text-align: justify;\">Fotos de Internauta<\/p>\n","protected":false},"excerpt":{"rendered":"<p>Acidente foi registrado na Rodovia General Euclides de Oliveira Figueiredo, KM 131, no munic\u00edpio de Dracena. Segundo informa\u00e7\u00f5es obtidas pela reportagem do Site JZ, colidiram lateralmente, um ve\u00edculo de passeio e um caminh\u00e3o de Usina da regi\u00e3o. Foi nas proximidades do pontilh\u00e3o da antiga Fepasa , cerca de 2 Kms. ap\u00f3s o trevo que d\u00e1 [&hellip;]<\/p>\n","protected":false},"author":1,"featured_media":64269,"comment_status":"closed","ping_status":"open","sticky":false,"template":"","format":"standard","meta":{"footnotes":""},"categories":[170,110],"tags":[],"class_list":["post-64266","post","type-post","status-publish","format-standard","has-post-thumbnail","hentry","category-acidentes","category-noticiasdestaque"],"_links":{"self":[{"href":"https:\/\/jorgezanoni.com.br\/2019\/wp-json\/wp\/v2\/posts\/64266","targetHints":{"allow":["GET"]}}],"collection":[{"href":"https:\/\/jorgezanoni.com.br\/2019\/wp-json\/wp\/v2\/posts"}],"about":[{"href":"https:\/\/jorgezanoni.com.br\/2019\/wp-json\/wp\/v2\/types\/post"}],"author":[{"embeddable":true,"href":"https:\/\/jorgezanoni.com.br\/2019\/wp-json\/wp\/v2\/users\/1"}],"replies":[{"embeddable":true,"href":"https:\/\/jorgezanoni.com.br\/2019\/wp-json\/wp\/v2\/comments?post=64266"}],"version-history":[{"count":0,"href":"https:\/\/jorgezanoni.com.br\/2019\/wp-json\/wp\/v2\/posts\/64266\/revisions"}],"wp:featuredmedia":[{"embeddable":true,"href":"https:\/\/jorgezanoni.com.br\/2019\/wp-json\/wp\/v2\/media\/64269"}],"wp:attachment":[{"href":"https:\/\/jorgezanoni.com.br\/2019\/wp-json\/wp\/v2\/media?parent=64266"}],"wp:term":[{"taxonomy":"category","embeddable":true,"href":"https:\/\/jorgezanoni.com.br\/2019\/wp-json\/wp\/v2\/categories?post=64266"},{"taxonomy":"post_tag","embeddable":true,"href":"https:\/\/jorgezanoni.com.br\/2019\/wp-json\/wp\/v2\/tags?post=64266"}],"curies":[{"name":"wp","href":"https:\/\/api.w.org\/{rel}","templated":true}]}}