{"id":64262,"date":"2022-05-31T23:33:20","date_gmt":"2022-05-31T23:33:20","guid":{"rendered":"https:\/\/jorgezanoni.com.br\/2019\/?p=64262"},"modified":"2022-05-31T23:33:20","modified_gmt":"2022-05-31T23:33:20","slug":"doacao-mais-dois-veiculos-apreendidos-pela-policia-civil-sao-destinados-a-entidades-assistenciais-de-junqueiropolis","status":"publish","type":"post","link":"https:\/\/jorgezanoni.com.br\/2019\/doacao-mais-dois-veiculos-apreendidos-pela-policia-civil-sao-destinados-a-entidades-assistenciais-de-junqueiropolis\/","title":{"rendered":"DOA\u00c7\u00c3O: Mais dois ve\u00edculos apreendidos pela Pol\u00edcia Civil s\u00e3o destinados a entidades assistenciais de Junqueir\u00f3polis"},"content":{"rendered":"<p style=\"text-align: justify;\">A Pol\u00edcia Civil, por interm\u00e9dio da Delegacia de Pol\u00edcia de Junqueir\u00f3polis, efetuou nesta ter\u00e7a-feira (31), a entrega em doa\u00e7\u00e3o de mais dois ve\u00edculos para o Centro de Aten\u00e7\u00e3o Psicossocial &#8211; CAPS, do munic\u00edpio de Junqueir\u00f3polis. Os ve\u00edculos apreendidos e doados, um VW\/Polo e um Fiat\/ P\u00e1lio, ocupavam o p\u00e1tio da Delegacia de Pol\u00edcia de Junqueir\u00f3polis.<\/p>\n<p style=\"text-align: justify;\">Na semana passada, a Delegacia de Pol\u00edcia de Junqueir\u00f3polis j\u00e1 havia realizado a entrega de outros dois ve\u00edculos, um GM\/Montana e um Fiat\/Palio, ao Lar Santa Terezinha e a Sociedade de Prote\u00e7\u00e3o \u00e0 Inf\u00e2ncia. Os ve\u00edculos, que estavam apreendidos em inqu\u00e9ritos policiais envolvidos em pr\u00e1ticas criminosas, foram entregues ap\u00f3s autoriza\u00e7\u00e3o judicial para a doa\u00e7\u00e3o dos bens e ser\u00e3o utilizados em benef\u00edcio da popula\u00e7\u00e3o.<\/p>\n<p>Fonte: Com. Social Pol\u00edcia Civil<\/p>\n","protected":false},"excerpt":{"rendered":"<p>A Pol\u00edcia Civil, por interm\u00e9dio da Delegacia de Pol\u00edcia de Junqueir\u00f3polis, efetuou nesta ter\u00e7a-feira (31), a entrega em doa\u00e7\u00e3o de mais dois ve\u00edculos para o Centro de Aten\u00e7\u00e3o Psicossocial &#8211; CAPS, do munic\u00edpio de Junqueir\u00f3polis. Os ve\u00edculos apreendidos e doados, um VW\/Polo e um Fiat\/ P\u00e1lio, ocupavam o p\u00e1tio da Delegacia de Pol\u00edcia de Junqueir\u00f3polis. [&hellip;]<\/p>\n","protected":false},"author":1,"featured_media":64264,"comment_status":"closed","ping_status":"open","sticky":false,"template":"","format":"standard","meta":{"footnotes":""},"categories":[110,2],"tags":[],"class_list":["post-64262","post","type-post","status-publish","format-standard","has-post-thumbnail","hentry","category-noticiasdestaque","category-policial"],"_links":{"self":[{"href":"https:\/\/jorgezanoni.com.br\/2019\/wp-json\/wp\/v2\/posts\/64262","targetHints":{"allow":["GET"]}}],"collection":[{"href":"https:\/\/jorgezanoni.com.br\/2019\/wp-json\/wp\/v2\/posts"}],"about":[{"href":"https:\/\/jorgezanoni.com.br\/2019\/wp-json\/wp\/v2\/types\/post"}],"author":[{"embeddable":true,"href":"https:\/\/jorgezanoni.com.br\/2019\/wp-json\/wp\/v2\/users\/1"}],"replies":[{"embeddable":true,"href":"https:\/\/jorgezanoni.com.br\/2019\/wp-json\/wp\/v2\/comments?post=64262"}],"version-history":[{"count":0,"href":"https:\/\/jorgezanoni.com.br\/2019\/wp-json\/wp\/v2\/posts\/64262\/revisions"}],"wp:featuredmedia":[{"embeddable":true,"href":"https:\/\/jorgezanoni.com.br\/2019\/wp-json\/wp\/v2\/media\/64264"}],"wp:attachment":[{"href":"https:\/\/jorgezanoni.com.br\/2019\/wp-json\/wp\/v2\/media?parent=64262"}],"wp:term":[{"taxonomy":"category","embeddable":true,"href":"https:\/\/jorgezanoni.com.br\/2019\/wp-json\/wp\/v2\/categories?post=64262"},{"taxonomy":"post_tag","embeddable":true,"href":"https:\/\/jorgezanoni.com.br\/2019\/wp-json\/wp\/v2\/tags?post=64262"}],"curies":[{"name":"wp","href":"https:\/\/api.w.org\/{rel}","templated":true}]}}