{"id":64232,"date":"2022-05-31T11:41:30","date_gmt":"2022-05-31T11:41:30","guid":{"rendered":"https:\/\/jorgezanoni.com.br\/2019\/?p=64232"},"modified":"2022-05-31T11:56:41","modified_gmt":"2022-05-31T11:56:41","slug":"morre-marcos-valero-funcionario-do-deposito-imperial","status":"publish","type":"post","link":"https:\/\/jorgezanoni.com.br\/2019\/morre-marcos-valero-funcionario-do-deposito-imperial\/","title":{"rendered":"Morre Marcos Valero funcion\u00e1rio do Dep\u00f3sito Imperial"},"content":{"rendered":"<p style=\"text-align: justify;\">Comunicamos com pesar o falecimento de Marcos Ant\u00f4nio da Silva Valero de 56 anos. Ele teria sofrido um infarto no s\u00e1bado, foi socorrido, levado a Presidente Prudente, mas acabou n\u00e3o resistindo vindo a \u00f3bito durante esta noite no Hospital Regional.<\/p>\n<p style=\"text-align: justify;\">Deixa esposa, filhos, nora, genro, neto, demais familiares e amigos. \u00c9 pai do Sd PM Valero do EB (Bombeiros de Dracena).<\/p>\n<p style=\"text-align: justify;\">Valero era esportista, tanto que colaborou com equipes de futsal e futebol m\u00e9dio do Sindicato dos Comerci\u00e1rios, onde tamb\u00e9m atuou como diretor. Trabalhava h\u00e1 muitos anos no Dep\u00f3sito Imperial e residia no Bairro Em\u00edlio Zanata.<\/p>\n<p>Trabalhou por muitos anos no Dep\u00f3sito Imperial e atualmente estava na Alem\u00e3o Tintas.<\/p>\n<p style=\"text-align: justify;\">O Site JZ se solidariza com os familiares e amigos neste dif\u00edcil momento.<\/p>\n<p style=\"text-align: justify;\">Jorge Zanoni<\/p>\n<p><img loading=\"lazy\" decoding=\"async\" class=\"alignnone size-full wp-image-64235\" src=\"https:\/\/jorgezanoni.com.br\/2019\/wp-content\/uploads\/2022\/05\/Valero-1.jpg\" alt=\"\" width=\"1280\" height=\"1279\" srcset=\"https:\/\/jorgezanoni.com.br\/2019\/wp-content\/uploads\/2022\/05\/Valero-1.jpg 1280w, https:\/\/jorgezanoni.com.br\/2019\/wp-content\/uploads\/2022\/05\/Valero-1-300x300.jpg 300w, https:\/\/jorgezanoni.com.br\/2019\/wp-content\/uploads\/2022\/05\/Valero-1-1024x1024.jpg 1024w, https:\/\/jorgezanoni.com.br\/2019\/wp-content\/uploads\/2022\/05\/Valero-1-150x150.jpg 150w, https:\/\/jorgezanoni.com.br\/2019\/wp-content\/uploads\/2022\/05\/Valero-1-768x767.jpg 768w, https:\/\/jorgezanoni.com.br\/2019\/wp-content\/uploads\/2022\/05\/Valero-1-696x695.jpg 696w, https:\/\/jorgezanoni.com.br\/2019\/wp-content\/uploads\/2022\/05\/Valero-1-1068x1067.jpg 1068w, https:\/\/jorgezanoni.com.br\/2019\/wp-content\/uploads\/2022\/05\/Valero-1-420x420.jpg 420w\" sizes=\"auto, (max-width: 1280px) 100vw, 1280px\" \/><\/p>\n<p>&nbsp;<\/p>\n<p>&nbsp;<\/p>\n","protected":false},"excerpt":{"rendered":"<p>Comunicamos com pesar o falecimento de Marcos Ant\u00f4nio da Silva Valero de 56 anos. Ele teria sofrido um infarto no s\u00e1bado, foi socorrido, levado a Presidente Prudente, mas acabou n\u00e3o resistindo vindo a \u00f3bito durante esta noite no Hospital Regional. Deixa esposa, filhos, nora, genro, neto, demais familiares e amigos. \u00c9 pai do Sd PM [&hellip;]<\/p>\n","protected":false},"author":1,"featured_media":64233,"comment_status":"closed","ping_status":"open","sticky":false,"template":"","format":"standard","meta":{"footnotes":""},"categories":[178,110],"tags":[],"class_list":["post-64232","post","type-post","status-publish","format-standard","has-post-thumbnail","hentry","category-notadefalecimento","category-noticiasdestaque"],"_links":{"self":[{"href":"https:\/\/jorgezanoni.com.br\/2019\/wp-json\/wp\/v2\/posts\/64232","targetHints":{"allow":["GET"]}}],"collection":[{"href":"https:\/\/jorgezanoni.com.br\/2019\/wp-json\/wp\/v2\/posts"}],"about":[{"href":"https:\/\/jorgezanoni.com.br\/2019\/wp-json\/wp\/v2\/types\/post"}],"author":[{"embeddable":true,"href":"https:\/\/jorgezanoni.com.br\/2019\/wp-json\/wp\/v2\/users\/1"}],"replies":[{"embeddable":true,"href":"https:\/\/jorgezanoni.com.br\/2019\/wp-json\/wp\/v2\/comments?post=64232"}],"version-history":[{"count":0,"href":"https:\/\/jorgezanoni.com.br\/2019\/wp-json\/wp\/v2\/posts\/64232\/revisions"}],"wp:featuredmedia":[{"embeddable":true,"href":"https:\/\/jorgezanoni.com.br\/2019\/wp-json\/wp\/v2\/media\/64233"}],"wp:attachment":[{"href":"https:\/\/jorgezanoni.com.br\/2019\/wp-json\/wp\/v2\/media?parent=64232"}],"wp:term":[{"taxonomy":"category","embeddable":true,"href":"https:\/\/jorgezanoni.com.br\/2019\/wp-json\/wp\/v2\/categories?post=64232"},{"taxonomy":"post_tag","embeddable":true,"href":"https:\/\/jorgezanoni.com.br\/2019\/wp-json\/wp\/v2\/tags?post=64232"}],"curies":[{"name":"wp","href":"https:\/\/api.w.org\/{rel}","templated":true}]}}