{"id":64224,"date":"2022-05-30T23:05:55","date_gmt":"2022-05-30T23:05:55","guid":{"rendered":"https:\/\/jorgezanoni.com.br\/2019\/?p=64224"},"modified":"2022-05-30T23:05:55","modified_gmt":"2022-05-30T23:05:55","slug":"policia-civil-cumpre-mandado-de-prisao-e-prende-suspeito-de-homicidio-em-pauliceia","status":"publish","type":"post","link":"https:\/\/jorgezanoni.com.br\/2019\/policia-civil-cumpre-mandado-de-prisao-e-prende-suspeito-de-homicidio-em-pauliceia\/","title":{"rendered":"Pol\u00edcia Civil cumpre mandado de pris\u00e3o e prende suspeito de Homic\u00eddio em Paulic\u00e9ia"},"content":{"rendered":"<p style=\"text-align: justify;\"><strong>O acusado alegou que consumiu coca\u00edna e fez uso de bebida alco\u00f3lica em excesso e ap\u00f3s desentendimento pr\u00f3ximo a um bar, acabou esfaqueando a v\u00edtima. O crime ocorreu na madrugada da \u00faltima sexta-feira (27), e vitimou um homem de 31 anos.<\/strong><\/p>\n<p style=\"text-align: justify;\">A Pol\u00edcia Civil, por interm\u00e9dio da Delegacia de Pol\u00edcia de Paulic\u00e9ia, cumpriu nesta segunda-feira (30), um mandado de pris\u00e3o tempor\u00e1ria em desfavor de um homem de 20 anos, suspeito da autoria do crime de homic\u00eddio ocorrido em Paulic\u00e9ia no dia 27. No momento da pris\u00e3o o acusado estava em companhia de sua genitora e n\u00e3o ofereceu resist\u00eancia \u00e0 a\u00e7\u00e3o policial.<\/p>\n<p style=\"text-align: justify;\">O suspeito foi encaminhado para Delegacia de Pol\u00edcia de Paulic\u00e9ia, e ao ser interrogado confessou a pr\u00e1tica do crime de homic\u00eddio, alegando que na noite do delito esteve em um bar na companhia de outras pessoas, havia feito o uso de coca\u00edna e consumido bebidas alco\u00f3licas em excesso, que ap\u00f3s ter ocorrido um desentendimento na proximidade do bar acabou esfaqueado a v\u00edtima, e em seguida fugiu do local.<\/p>\n<p style=\"text-align: justify;\">O homem foi indiciado por crime de homic\u00eddio qualificado, por motivo f\u00fatil e recurso que dificultou a defesa da v\u00edtima. Ap\u00f3s os procedimentos legais de pol\u00edcia judici\u00e1ria o acusado foi encaminhado a uma unidade prisional, aguardando a audi\u00eancia cust\u00f3dia, ficando \u00e0 disposi\u00e7\u00e3o da Justi\u00e7a.<\/p>\n<p style=\"text-align: justify;\">A Pol\u00edcia Civil tem prazo de 30 dias para relatar o inqu\u00e9rito policial, e solicitar a convers\u00e3o da pris\u00e3o tempor\u00e1ria em pris\u00e3o preventiva. O acusado j\u00e1 possui antecedentes criminais pelos crimes de les\u00e3o corporal, furto e viol\u00eancia dom\u00e9stica.<\/p>\n<p style=\"text-align: justify;\">Fonte: Com. Social Pol\u00edcia Civil<\/p>\n","protected":false},"excerpt":{"rendered":"<p>O acusado alegou que consumiu coca\u00edna e fez uso de bebida alco\u00f3lica em excesso e ap\u00f3s desentendimento pr\u00f3ximo a um bar, acabou esfaqueando a v\u00edtima. O crime ocorreu na madrugada da \u00faltima sexta-feira (27), e vitimou um homem de 31 anos. A Pol\u00edcia Civil, por interm\u00e9dio da Delegacia de Pol\u00edcia de Paulic\u00e9ia, cumpriu nesta segunda-feira [&hellip;]<\/p>\n","protected":false},"author":1,"featured_media":64225,"comment_status":"closed","ping_status":"open","sticky":false,"template":"","format":"standard","meta":{"footnotes":""},"categories":[110,2],"tags":[],"class_list":["post-64224","post","type-post","status-publish","format-standard","has-post-thumbnail","hentry","category-noticiasdestaque","category-policial"],"_links":{"self":[{"href":"https:\/\/jorgezanoni.com.br\/2019\/wp-json\/wp\/v2\/posts\/64224","targetHints":{"allow":["GET"]}}],"collection":[{"href":"https:\/\/jorgezanoni.com.br\/2019\/wp-json\/wp\/v2\/posts"}],"about":[{"href":"https:\/\/jorgezanoni.com.br\/2019\/wp-json\/wp\/v2\/types\/post"}],"author":[{"embeddable":true,"href":"https:\/\/jorgezanoni.com.br\/2019\/wp-json\/wp\/v2\/users\/1"}],"replies":[{"embeddable":true,"href":"https:\/\/jorgezanoni.com.br\/2019\/wp-json\/wp\/v2\/comments?post=64224"}],"version-history":[{"count":0,"href":"https:\/\/jorgezanoni.com.br\/2019\/wp-json\/wp\/v2\/posts\/64224\/revisions"}],"wp:featuredmedia":[{"embeddable":true,"href":"https:\/\/jorgezanoni.com.br\/2019\/wp-json\/wp\/v2\/media\/64225"}],"wp:attachment":[{"href":"https:\/\/jorgezanoni.com.br\/2019\/wp-json\/wp\/v2\/media?parent=64224"}],"wp:term":[{"taxonomy":"category","embeddable":true,"href":"https:\/\/jorgezanoni.com.br\/2019\/wp-json\/wp\/v2\/categories?post=64224"},{"taxonomy":"post_tag","embeddable":true,"href":"https:\/\/jorgezanoni.com.br\/2019\/wp-json\/wp\/v2\/tags?post=64224"}],"curies":[{"name":"wp","href":"https:\/\/api.w.org\/{rel}","templated":true}]}}