{"id":64217,"date":"2022-05-30T11:23:23","date_gmt":"2022-05-30T11:23:23","guid":{"rendered":"https:\/\/jorgezanoni.com.br\/2019\/?p=64217"},"modified":"2022-05-30T11:23:23","modified_gmt":"2022-05-30T11:23:23","slug":"policiais-militares-salvam-a-vida-de-idoso-que-foi-atacado-por-cao-rottweliler-em-pacaembu","status":"publish","type":"post","link":"https:\/\/jorgezanoni.com.br\/2019\/policiais-militares-salvam-a-vida-de-idoso-que-foi-atacado-por-cao-rottweliler-em-pacaembu\/","title":{"rendered":"Policiais Militares salvam a vida de idoso que foi atacado por c\u00e3o Rottweliler em Pacaembu"},"content":{"rendered":"<p style=\"text-align: justify;\">Na tarde de hoje (29) por volta das 16h04min na cidade de Pacaembu bairro Centro, um c\u00e3o da ra\u00e7a Rotwailler por motivos a serem esclarecidos atacou o pr\u00f3prio dono de 71 anos, no quintal da resid\u00eancia.<br \/>\nA esposa da v\u00edtima se trancou dentro de casa e ligou 190 e rapidamente equipes da Pol\u00edcia Militar deslocaram ao local dos fatos e chegarem no local fizeram contato com a vizinha foi visto o animal em cima do donos o atacando.<br \/>\nAtrav\u00e9s da grade do port\u00e3o, um dos policiais fez um disparo com a arma de incapacita\u00e7\u00e3o neuro muscular, cessando o ataque, pois o animal permaneceu por alguns minutos imobilizados. Assim os policiais adentraram atrav\u00e9s da garagem pulando o muro.<br \/>\nMas o cachorro novamente se levantou e foi preciso agir com rapidez e pensando em salvar a vida da v\u00edtima se utilizaram novamente da armas de incapacita\u00e7\u00e3o (TASER) e com disparos conseguiram conte-lo<br \/>\nCom a chegada da equipe do Corpo de Bombeiros o c\u00e3o de grande porte foi preso em um corredor com port\u00e3o e cadeado.<br \/>\nA v\u00edtima foi socorrida ao Pronto Socorro em Pacaembu em estado grave, pois havia sido atacado com mordidas na face, cabe\u00e7a e pesco\u00e7o.<br \/>\nFoi confeccionada ocorr\u00eancia de animal agressivo.<br \/>\nParab\u00e9ns aos policiais militares pela rapidez no atendimento.<\/p>\n<p style=\"text-align: justify;\">#25BPMI<br \/>\n#CPI-8<br \/>\n#POLICIAMILITARSP<br \/>\n#AFOR\u00c7APUBLICADES\u00c3OPAULO<\/p>\n<p>Foto Arquivo<\/p>\n","protected":false},"excerpt":{"rendered":"<p>Na tarde de hoje (29) por volta das 16h04min na cidade de Pacaembu bairro Centro, um c\u00e3o da ra\u00e7a Rotwailler por motivos a serem esclarecidos atacou o pr\u00f3prio dono de 71 anos, no quintal da resid\u00eancia. A esposa da v\u00edtima se trancou dentro de casa e ligou 190 e rapidamente equipes da Pol\u00edcia Militar deslocaram [&hellip;]<\/p>\n","protected":false},"author":1,"featured_media":64218,"comment_status":"closed","ping_status":"open","sticky":false,"template":"","format":"standard","meta":{"footnotes":""},"categories":[110,2],"tags":[],"class_list":["post-64217","post","type-post","status-publish","format-standard","has-post-thumbnail","hentry","category-noticiasdestaque","category-policial"],"_links":{"self":[{"href":"https:\/\/jorgezanoni.com.br\/2019\/wp-json\/wp\/v2\/posts\/64217","targetHints":{"allow":["GET"]}}],"collection":[{"href":"https:\/\/jorgezanoni.com.br\/2019\/wp-json\/wp\/v2\/posts"}],"about":[{"href":"https:\/\/jorgezanoni.com.br\/2019\/wp-json\/wp\/v2\/types\/post"}],"author":[{"embeddable":true,"href":"https:\/\/jorgezanoni.com.br\/2019\/wp-json\/wp\/v2\/users\/1"}],"replies":[{"embeddable":true,"href":"https:\/\/jorgezanoni.com.br\/2019\/wp-json\/wp\/v2\/comments?post=64217"}],"version-history":[{"count":0,"href":"https:\/\/jorgezanoni.com.br\/2019\/wp-json\/wp\/v2\/posts\/64217\/revisions"}],"wp:featuredmedia":[{"embeddable":true,"href":"https:\/\/jorgezanoni.com.br\/2019\/wp-json\/wp\/v2\/media\/64218"}],"wp:attachment":[{"href":"https:\/\/jorgezanoni.com.br\/2019\/wp-json\/wp\/v2\/media?parent=64217"}],"wp:term":[{"taxonomy":"category","embeddable":true,"href":"https:\/\/jorgezanoni.com.br\/2019\/wp-json\/wp\/v2\/categories?post=64217"},{"taxonomy":"post_tag","embeddable":true,"href":"https:\/\/jorgezanoni.com.br\/2019\/wp-json\/wp\/v2\/tags?post=64217"}],"curies":[{"name":"wp","href":"https:\/\/api.w.org\/{rel}","templated":true}]}}