{"id":6420,"date":"2019-09-16T12:20:31","date_gmt":"2019-09-16T12:20:31","guid":{"rendered":"https:\/\/jorgezanoni.com.br\/2019\/?p=6420"},"modified":"2019-09-16T12:20:31","modified_gmt":"2019-09-16T12:20:31","slug":"policia-militar-identifica-autor-do-roubo-a-garotos-na-praca-rotary-em-dracena","status":"publish","type":"post","link":"https:\/\/jorgezanoni.com.br\/2019\/policia-militar-identifica-autor-do-roubo-a-garotos-na-praca-rotary-em-dracena\/","title":{"rendered":"Pol\u00edcia Militar identifica autor do roubo a garotos na Pra\u00e7a Rotary em Dracena"},"content":{"rendered":"<p style=\"text-align: justify;\"><strong>POLICIA MILITAR IDENTIFICA AUTOR DO ROUBO EM DRACENA E RECUPERA TODOS OS PRODUTOS SUBTRA\u00cdDOS<\/strong><\/p>\n<p style=\"text-align: justify;\">Autor : J. A. C. M., 30 anos &#8211; Cidade: Dracena &#8211; R. Oito de Dezembro &#8211; 19:30 Horas.<\/p>\n<p><img loading=\"lazy\" decoding=\"async\" class=\"alignnone size-full wp-image-6421\" src=\"https:\/\/jorgezanoni.com.br\/2019\/wp-content\/uploads\/2019\/09\/pra\u00e7a1.jpg\" alt=\"\" width=\"960\" height=\"1280\" srcset=\"https:\/\/jorgezanoni.com.br\/2019\/wp-content\/uploads\/2019\/09\/pra\u00e7a1.jpg 960w, https:\/\/jorgezanoni.com.br\/2019\/wp-content\/uploads\/2019\/09\/pra\u00e7a1-225x300.jpg 225w, https:\/\/jorgezanoni.com.br\/2019\/wp-content\/uploads\/2019\/09\/pra\u00e7a1-768x1024.jpg 768w, https:\/\/jorgezanoni.com.br\/2019\/wp-content\/uploads\/2019\/09\/pra\u00e7a1-696x928.jpg 696w, https:\/\/jorgezanoni.com.br\/2019\/wp-content\/uploads\/2019\/09\/pra\u00e7a1-315x420.jpg 315w\" sizes=\"auto, (max-width: 960px) 100vw, 960px\" \/><\/p>\n<p style=\"text-align: justify;\">Ap\u00f3s den\u00fancia do local onde estaria o indiv\u00edduo que realizou roubo na data de s\u00e1bado (14), na pra\u00e7a Rotary (Dracena), equipes de For\u00e7a T\u00e1tica foram at\u00e9 a rua Oito de Dezembro e lograram em localiz\u00e1-lo. Ao realizar buscas no interior da casa conseguiram localizar os celulares e cart\u00f5es de mem\u00f3ria que foram roubados, bem como as roupas que foram utilizadas no roubo.<br \/>\nDevido os fatos foi realizado contato com as v\u00edtimas, as quais reconheceram os objetos, bem como foi realizado o reconhecimento do indiv\u00edduo pelas v\u00edtimas, permanecendo \u00e0 disposi\u00e7\u00e3o da Justi\u00e7a.<\/p>\n<p style=\"text-align: justify;\">#25 BPMI<br \/>\n#POLICIAMILITARSP<br \/>\n#AFOR\u00c7CAPUBLICADES\u00c3OPAULO<br \/>\nFonte: COMUNICA\u00c7\u00c3O SOCIAL DO 25 BPMI<\/p>\n","protected":false},"excerpt":{"rendered":"<p>POLICIA MILITAR IDENTIFICA AUTOR DO ROUBO EM DRACENA E RECUPERA TODOS OS PRODUTOS SUBTRA\u00cdDOS Autor : J. A. C. M., 30 anos &#8211; Cidade: Dracena &#8211; R. Oito de Dezembro &#8211; 19:30 Horas. Ap\u00f3s den\u00fancia do local onde estaria o indiv\u00edduo que realizou roubo na data de s\u00e1bado (14), na pra\u00e7a Rotary (Dracena), equipes de [&hellip;]<\/p>\n","protected":false},"author":1,"featured_media":6422,"comment_status":"closed","ping_status":"open","sticky":false,"template":"","format":"standard","meta":{"footnotes":""},"categories":[110,2],"tags":[],"class_list":["post-6420","post","type-post","status-publish","format-standard","has-post-thumbnail","hentry","category-noticiasdestaque","category-policial"],"_links":{"self":[{"href":"https:\/\/jorgezanoni.com.br\/2019\/wp-json\/wp\/v2\/posts\/6420","targetHints":{"allow":["GET"]}}],"collection":[{"href":"https:\/\/jorgezanoni.com.br\/2019\/wp-json\/wp\/v2\/posts"}],"about":[{"href":"https:\/\/jorgezanoni.com.br\/2019\/wp-json\/wp\/v2\/types\/post"}],"author":[{"embeddable":true,"href":"https:\/\/jorgezanoni.com.br\/2019\/wp-json\/wp\/v2\/users\/1"}],"replies":[{"embeddable":true,"href":"https:\/\/jorgezanoni.com.br\/2019\/wp-json\/wp\/v2\/comments?post=6420"}],"version-history":[{"count":0,"href":"https:\/\/jorgezanoni.com.br\/2019\/wp-json\/wp\/v2\/posts\/6420\/revisions"}],"wp:featuredmedia":[{"embeddable":true,"href":"https:\/\/jorgezanoni.com.br\/2019\/wp-json\/wp\/v2\/media\/6422"}],"wp:attachment":[{"href":"https:\/\/jorgezanoni.com.br\/2019\/wp-json\/wp\/v2\/media?parent=6420"}],"wp:term":[{"taxonomy":"category","embeddable":true,"href":"https:\/\/jorgezanoni.com.br\/2019\/wp-json\/wp\/v2\/categories?post=6420"},{"taxonomy":"post_tag","embeddable":true,"href":"https:\/\/jorgezanoni.com.br\/2019\/wp-json\/wp\/v2\/tags?post=6420"}],"curies":[{"name":"wp","href":"https:\/\/api.w.org\/{rel}","templated":true}]}}