{"id":64182,"date":"2022-05-29T12:41:24","date_gmt":"2022-05-29T12:41:24","guid":{"rendered":"https:\/\/jorgezanoni.com.br\/2019\/?p=64182"},"modified":"2022-05-29T12:41:24","modified_gmt":"2022-05-29T12:41:24","slug":"homem-tira-a-propria-vida-em-tupi-paulista","status":"publish","type":"post","link":"https:\/\/jorgezanoni.com.br\/2019\/homem-tira-a-propria-vida-em-tupi-paulista\/","title":{"rendered":"Homem tira a pr\u00f3pria vida em Tupi Paulista"},"content":{"rendered":"<h3 class=\"post-title entry-title\" style=\"text-align: justify;\"><strong>Fato foi registrado na Rua Antonia Portolez, local de movimenta\u00e7\u00e3o em Tupi Paulista.<\/strong><\/h3>\n<div style=\"text-align: justify;\">Um homem cometeu o suic\u00eddio no inicio da noite deste s\u00e1bado em Tupi Paulista. Trata-se de Diego da Silva, 30 anos, segundo informa\u00e7\u00f5es da Pol\u00edcia Civil.<\/div>\n<div style=\"text-align: justify;\"><\/div>\n<div style=\"text-align: justify;\">De acordo com informa\u00e7\u00f5es de populares a vitima era funcion\u00e1rio de uma empresa da cidade. Ele foi encontrado pendurado na varanda da sacada do im\u00f3vel.<\/div>\n<div style=\"text-align: justify;\"><\/div>\n<div style=\"text-align: justify;\">As causas da morte ainda ser\u00e3o apuradas.<\/div>\n<div style=\"text-align: justify;\"><\/div>\n<div style=\"text-align: justify;\">O fato ocorreu na Rua Antonia Portolez. Diego era natural de S\u00e3o Paulo, capital.<\/div>\n<div style=\"text-align: justify;\"><\/div>\n<div style=\"text-align: justify;\">O sepultamento do corpo de Diego est\u00e1 previsto para \u00e0s 14 horas deste domingo (29) no Cemit\u00e9rio de Tupi Paulista.<\/div>\n<div><\/div>\n<div><img loading=\"lazy\" decoding=\"async\" class=\"alignnone size-full wp-image-64184\" src=\"https:\/\/jorgezanoni.com.br\/2019\/wp-content\/uploads\/2022\/05\/capa1.jpg\" alt=\"\" width=\"360\" height=\"640\" srcset=\"https:\/\/jorgezanoni.com.br\/2019\/wp-content\/uploads\/2022\/05\/capa1.jpg 360w, https:\/\/jorgezanoni.com.br\/2019\/wp-content\/uploads\/2022\/05\/capa1-169x300.jpg 169w, https:\/\/jorgezanoni.com.br\/2019\/wp-content\/uploads\/2022\/05\/capa1-236x420.jpg 236w\" sizes=\"auto, (max-width: 360px) 100vw, 360px\" \/> <img loading=\"lazy\" decoding=\"async\" class=\"alignnone size-full wp-image-64185\" src=\"https:\/\/jorgezanoni.com.br\/2019\/wp-content\/uploads\/2022\/05\/capa2.jpg\" alt=\"\" width=\"360\" height=\"640\" srcset=\"https:\/\/jorgezanoni.com.br\/2019\/wp-content\/uploads\/2022\/05\/capa2.jpg 360w, https:\/\/jorgezanoni.com.br\/2019\/wp-content\/uploads\/2022\/05\/capa2-169x300.jpg 169w, https:\/\/jorgezanoni.com.br\/2019\/wp-content\/uploads\/2022\/05\/capa2-236x420.jpg 236w\" sizes=\"auto, (max-width: 360px) 100vw, 360px\" \/> <img loading=\"lazy\" decoding=\"async\" class=\"alignnone size-full wp-image-64186\" src=\"https:\/\/jorgezanoni.com.br\/2019\/wp-content\/uploads\/2022\/05\/capa3.jpg\" alt=\"\" width=\"360\" height=\"640\" srcset=\"https:\/\/jorgezanoni.com.br\/2019\/wp-content\/uploads\/2022\/05\/capa3.jpg 360w, https:\/\/jorgezanoni.com.br\/2019\/wp-content\/uploads\/2022\/05\/capa3-169x300.jpg 169w, https:\/\/jorgezanoni.com.br\/2019\/wp-content\/uploads\/2022\/05\/capa3-236x420.jpg 236w\" sizes=\"auto, (max-width: 360px) 100vw, 360px\" \/><\/div>\n<div style=\"text-align: justify;\">Fonte: Agora News<\/div>\n<div style=\"text-align: justify;\">Fotos: Pol\u00edcia Civ\u00edl\/cedidas<\/div>\n<div><\/div>\n<div><img loading=\"lazy\" decoding=\"async\" class=\"alignnone size-full wp-image-64187\" src=\"https:\/\/jorgezanoni.com.br\/2019\/wp-content\/uploads\/2022\/05\/diego.jpg\" alt=\"\" width=\"1280\" height=\"1279\" srcset=\"https:\/\/jorgezanoni.com.br\/2019\/wp-content\/uploads\/2022\/05\/diego.jpg 1280w, https:\/\/jorgezanoni.com.br\/2019\/wp-content\/uploads\/2022\/05\/diego-300x300.jpg 300w, https:\/\/jorgezanoni.com.br\/2019\/wp-content\/uploads\/2022\/05\/diego-1024x1024.jpg 1024w, https:\/\/jorgezanoni.com.br\/2019\/wp-content\/uploads\/2022\/05\/diego-150x150.jpg 150w, https:\/\/jorgezanoni.com.br\/2019\/wp-content\/uploads\/2022\/05\/diego-768x767.jpg 768w, https:\/\/jorgezanoni.com.br\/2019\/wp-content\/uploads\/2022\/05\/diego-696x695.jpg 696w, https:\/\/jorgezanoni.com.br\/2019\/wp-content\/uploads\/2022\/05\/diego-1068x1067.jpg 1068w, https:\/\/jorgezanoni.com.br\/2019\/wp-content\/uploads\/2022\/05\/diego-420x420.jpg 420w\" sizes=\"auto, (max-width: 1280px) 100vw, 1280px\" \/><\/div>\n","protected":false},"excerpt":{"rendered":"<p>Fato foi registrado na Rua Antonia Portolez, local de movimenta\u00e7\u00e3o em Tupi Paulista. Um homem cometeu o suic\u00eddio no inicio da noite deste s\u00e1bado em Tupi Paulista. Trata-se de Diego da Silva, 30 anos, segundo informa\u00e7\u00f5es da Pol\u00edcia Civil. De acordo com informa\u00e7\u00f5es de populares a vitima era funcion\u00e1rio de uma empresa da cidade. Ele [&hellip;]<\/p>\n","protected":false},"author":1,"featured_media":64183,"comment_status":"closed","ping_status":"open","sticky":false,"template":"","format":"standard","meta":{"footnotes":""},"categories":[110,2],"tags":[],"class_list":["post-64182","post","type-post","status-publish","format-standard","has-post-thumbnail","hentry","category-noticiasdestaque","category-policial"],"_links":{"self":[{"href":"https:\/\/jorgezanoni.com.br\/2019\/wp-json\/wp\/v2\/posts\/64182","targetHints":{"allow":["GET"]}}],"collection":[{"href":"https:\/\/jorgezanoni.com.br\/2019\/wp-json\/wp\/v2\/posts"}],"about":[{"href":"https:\/\/jorgezanoni.com.br\/2019\/wp-json\/wp\/v2\/types\/post"}],"author":[{"embeddable":true,"href":"https:\/\/jorgezanoni.com.br\/2019\/wp-json\/wp\/v2\/users\/1"}],"replies":[{"embeddable":true,"href":"https:\/\/jorgezanoni.com.br\/2019\/wp-json\/wp\/v2\/comments?post=64182"}],"version-history":[{"count":0,"href":"https:\/\/jorgezanoni.com.br\/2019\/wp-json\/wp\/v2\/posts\/64182\/revisions"}],"wp:featuredmedia":[{"embeddable":true,"href":"https:\/\/jorgezanoni.com.br\/2019\/wp-json\/wp\/v2\/media\/64183"}],"wp:attachment":[{"href":"https:\/\/jorgezanoni.com.br\/2019\/wp-json\/wp\/v2\/media?parent=64182"}],"wp:term":[{"taxonomy":"category","embeddable":true,"href":"https:\/\/jorgezanoni.com.br\/2019\/wp-json\/wp\/v2\/categories?post=64182"},{"taxonomy":"post_tag","embeddable":true,"href":"https:\/\/jorgezanoni.com.br\/2019\/wp-json\/wp\/v2\/tags?post=64182"}],"curies":[{"name":"wp","href":"https:\/\/api.w.org\/{rel}","templated":true}]}}