{"id":64162,"date":"2022-05-28T23:56:41","date_gmt":"2022-05-28T23:56:41","guid":{"rendered":"https:\/\/jorgezanoni.com.br\/2019\/?p=64162"},"modified":"2022-05-28T23:56:41","modified_gmt":"2022-05-28T23:56:41","slug":"motociclista-fica-ferido-em-acidente-no-bairro-metropole-em-dracena","status":"publish","type":"post","link":"https:\/\/jorgezanoni.com.br\/2019\/motociclista-fica-ferido-em-acidente-no-bairro-metropole-em-dracena\/","title":{"rendered":"Motociclista fica ferido em acidente no Bairro Metr\u00f3pole em Dracena"},"content":{"rendered":"<p style=\"text-align: justify;\">Acidente foi na esquina das Avenidas Vit\u00f3ria com Castro Alves.<\/p>\n<p style=\"text-align: justify;\"><strong>Na noite desta sexta-feira (27), foi registrado um acidente com v\u00edtima entre um ve\u00edculo Nissan e uma Motocicleta.<\/strong><\/p>\n<p style=\"text-align: justify;\">Segundo informa\u00e7\u00f5es obtidas no local pela reportagem do Site JZ, o ve\u00edculo Nissan placas de Dracena, fazia o sentido centro-bairro pela Avenida Vit\u00f3ria (preferencial), quando o motociclista tamb\u00e9m placa de Dracena, que fazia o sentido bairro-centro pela Castro Alves, teria cruzado\u00a0 sua frente.<\/p>\n<p style=\"text-align: justify;\">Com a batida o motociclista caiu ao solo sofrendo ferimentos aparentemente leves e foi socorrido por uma Unidade de Resgate ao Pronto Atendimento Municipal. O condutor do ve\u00edculo n\u00e3o se feriu.<\/p>\n<p style=\"text-align: justify;\">As Pol\u00edcia Militar e T\u00e9cnica compareceram ao local para os levantamentos que ir\u00e3o apontar as causas do acidente.<\/p>\n<p><img loading=\"lazy\" decoding=\"async\" class=\"alignnone size-full wp-image-64163\" src=\"https:\/\/jorgezanoni.com.br\/2019\/wp-content\/uploads\/2022\/05\/IMG_7015-2.jpg\" alt=\"\" width=\"700\" height=\"391\" srcset=\"https:\/\/jorgezanoni.com.br\/2019\/wp-content\/uploads\/2022\/05\/IMG_7015-2.jpg 700w, https:\/\/jorgezanoni.com.br\/2019\/wp-content\/uploads\/2022\/05\/IMG_7015-2-300x168.jpg 300w, https:\/\/jorgezanoni.com.br\/2019\/wp-content\/uploads\/2022\/05\/IMG_7015-2-696x389.jpg 696w\" sizes=\"auto, (max-width: 700px) 100vw, 700px\" \/><\/p>\n<p style=\"text-align: justify;\">Jorge Zanoni<\/p>\n","protected":false},"excerpt":{"rendered":"<p>Acidente foi na esquina das Avenidas Vit\u00f3ria com Castro Alves. Na noite desta sexta-feira (27), foi registrado um acidente com v\u00edtima entre um ve\u00edculo Nissan e uma Motocicleta. Segundo informa\u00e7\u00f5es obtidas no local pela reportagem do Site JZ, o ve\u00edculo Nissan placas de Dracena, fazia o sentido centro-bairro pela Avenida Vit\u00f3ria (preferencial), quando o motociclista [&hellip;]<\/p>\n","protected":false},"author":1,"featured_media":64164,"comment_status":"closed","ping_status":"open","sticky":false,"template":"","format":"standard","meta":{"footnotes":""},"categories":[170,110],"tags":[],"class_list":["post-64162","post","type-post","status-publish","format-standard","has-post-thumbnail","hentry","category-acidentes","category-noticiasdestaque"],"_links":{"self":[{"href":"https:\/\/jorgezanoni.com.br\/2019\/wp-json\/wp\/v2\/posts\/64162","targetHints":{"allow":["GET"]}}],"collection":[{"href":"https:\/\/jorgezanoni.com.br\/2019\/wp-json\/wp\/v2\/posts"}],"about":[{"href":"https:\/\/jorgezanoni.com.br\/2019\/wp-json\/wp\/v2\/types\/post"}],"author":[{"embeddable":true,"href":"https:\/\/jorgezanoni.com.br\/2019\/wp-json\/wp\/v2\/users\/1"}],"replies":[{"embeddable":true,"href":"https:\/\/jorgezanoni.com.br\/2019\/wp-json\/wp\/v2\/comments?post=64162"}],"version-history":[{"count":0,"href":"https:\/\/jorgezanoni.com.br\/2019\/wp-json\/wp\/v2\/posts\/64162\/revisions"}],"wp:featuredmedia":[{"embeddable":true,"href":"https:\/\/jorgezanoni.com.br\/2019\/wp-json\/wp\/v2\/media\/64164"}],"wp:attachment":[{"href":"https:\/\/jorgezanoni.com.br\/2019\/wp-json\/wp\/v2\/media?parent=64162"}],"wp:term":[{"taxonomy":"category","embeddable":true,"href":"https:\/\/jorgezanoni.com.br\/2019\/wp-json\/wp\/v2\/categories?post=64162"},{"taxonomy":"post_tag","embeddable":true,"href":"https:\/\/jorgezanoni.com.br\/2019\/wp-json\/wp\/v2\/tags?post=64162"}],"curies":[{"name":"wp","href":"https:\/\/api.w.org\/{rel}","templated":true}]}}