{"id":64144,"date":"2022-05-27T21:50:31","date_gmt":"2022-05-27T21:50:31","guid":{"rendered":"https:\/\/jorgezanoni.com.br\/2019\/?p=64144"},"modified":"2022-05-27T22:07:04","modified_gmt":"2022-05-27T22:07:04","slug":"casos-de-covid-voltam-a-aumentar-em-dracena-e-devem-merecer-novamente-atencao-especial-das-autoridades","status":"publish","type":"post","link":"https:\/\/jorgezanoni.com.br\/2019\/casos-de-covid-voltam-a-aumentar-em-dracena-e-devem-merecer-novamente-atencao-especial-das-autoridades\/","title":{"rendered":"Casos de COVID voltam a aumentar em Dracena, e devem merecer novamente aten\u00e7\u00e3o especial das autoridades"},"content":{"rendered":"<div class=\"kvgmc6g5 cxmmr5t8 oygrvhab hcukyx3x c1et5uql ii04i59q\">\n<div dir=\"auto\" style=\"text-align: justify;\"><strong>H\u00e1 alguns dias estamos publicando o aumento de casos POSITIVOS contra casos CURADOS em Dracena.<\/strong><\/div>\n<\/div>\n<div dir=\"auto\" style=\"text-align: justify;\"><\/div>\n<div dir=\"auto\" style=\"text-align: justify;\">Nas \u00faltimas 24 Horas por exemplo, foram <strong>POSITIVADOS 120 e apenas 68 CURADOS<\/strong>, vejam as propor\u00e7\u00f5es, s\u00e3o muito preocupantes.<\/div>\n<div dir=\"auto\" style=\"text-align: justify;\"><\/div>\n<div dir=\"auto\" style=\"text-align: justify;\">Al\u00e9m disso, somente nas \u00faltimas 24 Horas, foram constatados dois \u00d3BITOS de moradores de Dracena.<\/div>\n<div dir=\"auto\" style=\"text-align: justify;\"><\/div>\n<div dir=\"auto\" style=\"text-align: justify;\">N\u00e3o est\u00e1 na hora de Dracena seguir algumas cidades como por exemplo Ara\u00e7atuba, Tup\u00e3, Piquerobi e outras que est\u00e3o voltando com restri\u00e7\u00f5es? Ou vamos esperar voltar uma Epidemia para tomar provid\u00eancias?<\/div>\n<div dir=\"auto\"><\/div>\n<div dir=\"auto\">Jorge Zanoni<\/div>\n<div dir=\"auto\"><\/div>\n<div dir=\"auto\" style=\"text-align: justify;\"><strong>Veja o INFORMATIVO de hoje da Vigil\u00e2ncia Epidemiol\u00f3gica de hoje 27\/05\/22<\/strong><\/div>\n<div class=\"kvgmc6g5 cxmmr5t8 oygrvhab hcukyx3x c1et5uql ii04i59q\">\n<div dir=\"auto\"><\/div>\n<div dir=\"auto\">Boletim Covid 19<\/div>\n<div dir=\"auto\">Hoje, 27<\/div>\n<\/div>\n<div class=\"cxmmr5t8 oygrvhab hcukyx3x c1et5uql o9v6fnle ii04i59q\">\n<div dir=\"auto\">Total de suspeitos: 41<\/div>\n<div dir=\"auto\">Suspeitos em isolamento domiciliar: 40<\/div>\n<div dir=\"auto\">Suspeitos em isolamento hospitalar: 1<\/div>\n<\/div>\n<div class=\"cxmmr5t8 oygrvhab hcukyx3x c1et5uql o9v6fnle ii04i59q\">\n<div dir=\"auto\">Total de Confirmados:10.985<\/div>\n<div dir=\"auto\">Total de Curados: 10.526<\/div>\n<div dir=\"auto\">Confirmados em Isolamento domiciliar: 172<\/div>\n<div dir=\"auto\">Internados: 04<\/div>\n<div dir=\"auto\">\u00d3bitos: 283<\/div>\n<\/div>\n<div class=\"cxmmr5t8 oygrvhab hcukyx3x c1et5uql o9v6fnle ii04i59q\">\n<div dir=\"auto\">\u00daLTIMAS 24H: 120 POSITIVA\u00c7\u00d5ES<\/div>\n<div dir=\"auto\">\u00daLTIMAS 24H: 68 CURADOS<\/div>\n<\/div>\n<div dir=\"auto\"><\/div>\n<div dir=\"auto\">\n<div class=\"kvgmc6g5 cxmmr5t8 oygrvhab hcukyx3x c1et5uql ii04i59q\">\n<div dir=\"auto\"><strong>\u00d3BITOS POR COVID NAS \u00daLTIMAS 24 H.<\/strong><\/div>\n<\/div>\n<div class=\"cxmmr5t8 oygrvhab hcukyx3x c1et5uql o9v6fnle ii04i59q\">\n<div dir=\"auto\">282<\/div>\n<div dir=\"auto\">Mulher, 65 anos, residente em Dracena. Falecimento ocorrido ontem, 26, \u00e0s 19h30, na Santa Casa local.<\/div>\n<\/div>\n<div class=\"cxmmr5t8 oygrvhab hcukyx3x c1et5uql o9v6fnle ii04i59q\">\n<div dir=\"auto\">283<\/div>\n<div dir=\"auto\">Homem, 71 anos, morador em Dracena. Faleceu ontem, 26, \u00e0s 22h30, na Santa Casa da cidade.<\/div>\n<\/div>\n<\/div>\n<div dir=\"auto\"><img loading=\"lazy\" decoding=\"async\" class=\"alignnone size-full wp-image-64146\" src=\"https:\/\/jorgezanoni.com.br\/2019\/wp-content\/uploads\/2022\/05\/obitos.jpg\" alt=\"\" width=\"960\" height=\"540\" srcset=\"https:\/\/jorgezanoni.com.br\/2019\/wp-content\/uploads\/2022\/05\/obitos.jpg 960w, https:\/\/jorgezanoni.com.br\/2019\/wp-content\/uploads\/2022\/05\/obitos-300x169.jpg 300w, https:\/\/jorgezanoni.com.br\/2019\/wp-content\/uploads\/2022\/05\/obitos-768x432.jpg 768w, https:\/\/jorgezanoni.com.br\/2019\/wp-content\/uploads\/2022\/05\/obitos-696x392.jpg 696w, https:\/\/jorgezanoni.com.br\/2019\/wp-content\/uploads\/2022\/05\/obitos-747x420.jpg 747w\" sizes=\"auto, (max-width: 960px) 100vw, 960px\" \/><\/div>\n<div dir=\"auto\">Fonte: Prefeitura Municipal<\/div>\n","protected":false},"excerpt":{"rendered":"<p>H\u00e1 alguns dias estamos publicando o aumento de casos POSITIVOS contra casos CURADOS em Dracena. Nas \u00faltimas 24 Horas por exemplo, foram POSITIVADOS 120 e apenas 68 CURADOS, vejam as propor\u00e7\u00f5es, s\u00e3o muito preocupantes. Al\u00e9m disso, somente nas \u00faltimas 24 Horas, foram constatados dois \u00d3BITOS de moradores de Dracena. N\u00e3o est\u00e1 na hora de Dracena [&hellip;]<\/p>\n","protected":false},"author":1,"featured_media":64150,"comment_status":"closed","ping_status":"open","sticky":false,"template":"","format":"standard","meta":{"footnotes":""},"categories":[110,122],"tags":[],"class_list":["post-64144","post","type-post","status-publish","format-standard","has-post-thumbnail","hentry","category-noticiasdestaque","category-saudeeducacaoeconcurso"],"_links":{"self":[{"href":"https:\/\/jorgezanoni.com.br\/2019\/wp-json\/wp\/v2\/posts\/64144","targetHints":{"allow":["GET"]}}],"collection":[{"href":"https:\/\/jorgezanoni.com.br\/2019\/wp-json\/wp\/v2\/posts"}],"about":[{"href":"https:\/\/jorgezanoni.com.br\/2019\/wp-json\/wp\/v2\/types\/post"}],"author":[{"embeddable":true,"href":"https:\/\/jorgezanoni.com.br\/2019\/wp-json\/wp\/v2\/users\/1"}],"replies":[{"embeddable":true,"href":"https:\/\/jorgezanoni.com.br\/2019\/wp-json\/wp\/v2\/comments?post=64144"}],"version-history":[{"count":0,"href":"https:\/\/jorgezanoni.com.br\/2019\/wp-json\/wp\/v2\/posts\/64144\/revisions"}],"wp:featuredmedia":[{"embeddable":true,"href":"https:\/\/jorgezanoni.com.br\/2019\/wp-json\/wp\/v2\/media\/64150"}],"wp:attachment":[{"href":"https:\/\/jorgezanoni.com.br\/2019\/wp-json\/wp\/v2\/media?parent=64144"}],"wp:term":[{"taxonomy":"category","embeddable":true,"href":"https:\/\/jorgezanoni.com.br\/2019\/wp-json\/wp\/v2\/categories?post=64144"},{"taxonomy":"post_tag","embeddable":true,"href":"https:\/\/jorgezanoni.com.br\/2019\/wp-json\/wp\/v2\/tags?post=64144"}],"curies":[{"name":"wp","href":"https:\/\/api.w.org\/{rel}","templated":true}]}}