{"id":64133,"date":"2022-05-27T13:28:25","date_gmt":"2022-05-27T13:28:25","guid":{"rendered":"https:\/\/jorgezanoni.com.br\/2019\/?p=64133"},"modified":"2022-05-27T13:28:25","modified_gmt":"2022-05-27T13:28:25","slug":"policia-militar-captura-procurado-da-justica-em-dracena-2","status":"publish","type":"post","link":"https:\/\/jorgezanoni.com.br\/2019\/policia-militar-captura-procurado-da-justica-em-dracena-2\/","title":{"rendered":"Pol\u00edcia Militar captura procurado da justi\u00e7a em Dracena"},"content":{"rendered":"<p style=\"text-align: justify;\">Na data de ontem (26) por volta das 18h45min a Pol\u00edcia Militar durante patrulhamento de For\u00e7a T\u00e1tica pelo munic\u00edpio de Dracena pelo bairro Tonico Andr\u00e9, abordou um indiv\u00edduo (homem 31 anos) que ao notar a presen\u00e7a policial abaixou a cabe\u00e7a, virando-se de costas para n\u00e3o ser identificado. Ap\u00f3s pesquisa, confirmado mandado de pris\u00e3o. Conduzido ao plant\u00e3o policial de Dracena, permanecendo o indiv\u00edduo preso \u00e0 disposi\u00e7\u00e3o da Justi\u00e7a.<\/p>\n<p style=\"text-align: justify;\">#25bpmi<br \/>\n#cpi8<br \/>\n#POLICIAMILITARSP<br \/>\n#AFOR\u00c7AP\u00daBLICADES\u00c3OPAULO<br \/>\nComunica\u00e7\u00e3o Social do 25BPMI e regi\u00e3o<\/p>\n","protected":false},"excerpt":{"rendered":"<p>Na data de ontem (26) por volta das 18h45min a Pol\u00edcia Militar durante patrulhamento de For\u00e7a T\u00e1tica pelo munic\u00edpio de Dracena pelo bairro Tonico Andr\u00e9, abordou um indiv\u00edduo (homem 31 anos) que ao notar a presen\u00e7a policial abaixou a cabe\u00e7a, virando-se de costas para n\u00e3o ser identificado. Ap\u00f3s pesquisa, confirmado mandado de pris\u00e3o. Conduzido ao [&hellip;]<\/p>\n","protected":false},"author":1,"featured_media":64134,"comment_status":"closed","ping_status":"open","sticky":false,"template":"","format":"standard","meta":{"footnotes":""},"categories":[110,2],"tags":[],"class_list":["post-64133","post","type-post","status-publish","format-standard","has-post-thumbnail","hentry","category-noticiasdestaque","category-policial"],"_links":{"self":[{"href":"https:\/\/jorgezanoni.com.br\/2019\/wp-json\/wp\/v2\/posts\/64133","targetHints":{"allow":["GET"]}}],"collection":[{"href":"https:\/\/jorgezanoni.com.br\/2019\/wp-json\/wp\/v2\/posts"}],"about":[{"href":"https:\/\/jorgezanoni.com.br\/2019\/wp-json\/wp\/v2\/types\/post"}],"author":[{"embeddable":true,"href":"https:\/\/jorgezanoni.com.br\/2019\/wp-json\/wp\/v2\/users\/1"}],"replies":[{"embeddable":true,"href":"https:\/\/jorgezanoni.com.br\/2019\/wp-json\/wp\/v2\/comments?post=64133"}],"version-history":[{"count":0,"href":"https:\/\/jorgezanoni.com.br\/2019\/wp-json\/wp\/v2\/posts\/64133\/revisions"}],"wp:featuredmedia":[{"embeddable":true,"href":"https:\/\/jorgezanoni.com.br\/2019\/wp-json\/wp\/v2\/media\/64134"}],"wp:attachment":[{"href":"https:\/\/jorgezanoni.com.br\/2019\/wp-json\/wp\/v2\/media?parent=64133"}],"wp:term":[{"taxonomy":"category","embeddable":true,"href":"https:\/\/jorgezanoni.com.br\/2019\/wp-json\/wp\/v2\/categories?post=64133"},{"taxonomy":"post_tag","embeddable":true,"href":"https:\/\/jorgezanoni.com.br\/2019\/wp-json\/wp\/v2\/tags?post=64133"}],"curies":[{"name":"wp","href":"https:\/\/api.w.org\/{rel}","templated":true}]}}