{"id":64130,"date":"2022-05-27T13:16:52","date_gmt":"2022-05-27T13:16:52","guid":{"rendered":"https:\/\/jorgezanoni.com.br\/2019\/?p=64130"},"modified":"2022-05-27T13:16:52","modified_gmt":"2022-05-27T13:16:52","slug":"policia-militar-age-rapidamente-e-prende-homem-por-furto-devolvendo-o-veiculo-ao-proprietario-em-junqueiropolis","status":"publish","type":"post","link":"https:\/\/jorgezanoni.com.br\/2019\/policia-militar-age-rapidamente-e-prende-homem-por-furto-devolvendo-o-veiculo-ao-proprietario-em-junqueiropolis\/","title":{"rendered":"Pol\u00edcia Militar age rapidamente e prende homem por furto devolvendo o ve\u00edculo ao propriet\u00e1rio em Junqueir\u00f3polis"},"content":{"rendered":"<p style=\"text-align: justify;\">Na data de hoje (27) por volta das 01h13min a equipe da Pol\u00edcia Militar em Junqueir\u00f3polis foi solicitada via 190 para atendimento de ocorr\u00eancia de furto de ve\u00edculo. No local a equipe fez contato com a v\u00edtima, relatou que havia deixado o ve\u00edculo Uno cor vermelha na garagem da resid\u00eancia, quando acordou e percebeu que haviam furtado o autom\u00f3vel. Durante dilig\u00eancia foi visualizado o ve\u00edculo estacionando pela rua S\u00e3o Paulo. O indiciado (homem 19 anos) estava conduzindo o ve\u00edculo, desceu e iria entrar em um bar quando foi abordado, estava com a chave do ve\u00edculo na m\u00e3o, foi realizada busca pessoal e nada de il\u00edcito encontrado. Ao ser perguntado sobre o ve\u00edculo, disse que pertencia a seu tio e havia pegado sem autoriza\u00e7\u00e3o dele. Diante dos fatos foi dada voz de pris\u00e3o ao autor pelo crime de furto, ficando o indiciado a disposi\u00e7\u00e3o da Justi\u00e7a e ve\u00edculo foi devolvido ao propriet\u00e1rio.<\/p>\n<p style=\"text-align: justify;\">#25bpmi<br \/>\n#cpi8<br \/>\n#POLICIAMILITARSP<br \/>\n#AFOR\u00c7AP\u00daBLICADES\u00c3OPAULO<br \/>\nComunica\u00e7\u00e3o Social do 25BPMI e regi\u00e3o<\/p>\n","protected":false},"excerpt":{"rendered":"<p>Na data de hoje (27) por volta das 01h13min a equipe da Pol\u00edcia Militar em Junqueir\u00f3polis foi solicitada via 190 para atendimento de ocorr\u00eancia de furto de ve\u00edculo. No local a equipe fez contato com a v\u00edtima, relatou que havia deixado o ve\u00edculo Uno cor vermelha na garagem da resid\u00eancia, quando acordou e percebeu que [&hellip;]<\/p>\n","protected":false},"author":1,"featured_media":64131,"comment_status":"closed","ping_status":"open","sticky":false,"template":"","format":"standard","meta":{"footnotes":""},"categories":[110,2],"tags":[],"class_list":["post-64130","post","type-post","status-publish","format-standard","has-post-thumbnail","hentry","category-noticiasdestaque","category-policial"],"_links":{"self":[{"href":"https:\/\/jorgezanoni.com.br\/2019\/wp-json\/wp\/v2\/posts\/64130","targetHints":{"allow":["GET"]}}],"collection":[{"href":"https:\/\/jorgezanoni.com.br\/2019\/wp-json\/wp\/v2\/posts"}],"about":[{"href":"https:\/\/jorgezanoni.com.br\/2019\/wp-json\/wp\/v2\/types\/post"}],"author":[{"embeddable":true,"href":"https:\/\/jorgezanoni.com.br\/2019\/wp-json\/wp\/v2\/users\/1"}],"replies":[{"embeddable":true,"href":"https:\/\/jorgezanoni.com.br\/2019\/wp-json\/wp\/v2\/comments?post=64130"}],"version-history":[{"count":0,"href":"https:\/\/jorgezanoni.com.br\/2019\/wp-json\/wp\/v2\/posts\/64130\/revisions"}],"wp:featuredmedia":[{"embeddable":true,"href":"https:\/\/jorgezanoni.com.br\/2019\/wp-json\/wp\/v2\/media\/64131"}],"wp:attachment":[{"href":"https:\/\/jorgezanoni.com.br\/2019\/wp-json\/wp\/v2\/media?parent=64130"}],"wp:term":[{"taxonomy":"category","embeddable":true,"href":"https:\/\/jorgezanoni.com.br\/2019\/wp-json\/wp\/v2\/categories?post=64130"},{"taxonomy":"post_tag","embeddable":true,"href":"https:\/\/jorgezanoni.com.br\/2019\/wp-json\/wp\/v2\/tags?post=64130"}],"curies":[{"name":"wp","href":"https:\/\/api.w.org\/{rel}","templated":true}]}}