{"id":64116,"date":"2022-05-27T01:33:37","date_gmt":"2022-05-27T01:33:37","guid":{"rendered":"https:\/\/jorgezanoni.com.br\/2019\/?p=64116"},"modified":"2022-05-27T01:33:37","modified_gmt":"2022-05-27T01:33:37","slug":"policia-civil-prende-casal-suspeito-de-trafico-de-drogas-na-regiao-central-de-dracena","status":"publish","type":"post","link":"https:\/\/jorgezanoni.com.br\/2019\/policia-civil-prende-casal-suspeito-de-trafico-de-drogas-na-regiao-central-de-dracena\/","title":{"rendered":"Pol\u00edcia Civil prende casal suspeito de Tr\u00e1fico de Drogas na regi\u00e3o central de Dracena"},"content":{"rendered":"<p style=\"text-align: justify;\"><strong>A resid\u00eancia dos suspeitos fica localizada nas proximidades de onde acontece a feira livre em Dracena, que principalmente, nas quartas-feiras, h\u00e1 grande concentra\u00e7\u00e3o de adolescentes e jovens. <\/strong><\/p>\n<p style=\"text-align: justify;\">Durante a a\u00e7\u00e3o de cumprimento de busca e apreens\u00e3o domiciliar foram localizadas trouxinhas de coca\u00edna e maconha, balan\u00e7a de precis\u00e3o, dinheiro, facas com l\u00e2minas contendo resqu\u00edcios de substancias aparentando ser de maconha, al\u00e9m de outros utens\u00edlios comumente usados em pontos de tr\u00e1fico de drogas.<\/p>\n<p style=\"text-align: justify;\">A Pol\u00edcia Civil, por interm\u00e9dio das Unidades Especializadas &#8211; DIG\/DISE, prendeu em flagrante nesta quinta-feira (26), um casal por suspeita da pr\u00e1tica do crime de tr\u00e1fico de drogas. A resid\u00eancia alvo da a\u00e7\u00e3o policial fica em uma rua paralela \u00e0 avenida Rui Barbosa, \u00e1rea central da cidade de Dracena, local onde acontece a tradicional feira livre do munic\u00edpio, e que concentra um grande p\u00fablico de adolescentes e jovens.<\/p>\n<p style=\"text-align: justify;\">Os suspeitos, um homem de 21 anos, e uma mulher de 24 anos, vinham sendo investigados pelas Unidades Especializadas, em raz\u00e3o de ocorr\u00eancia de den\u00fancias de tr\u00e1fico de drogas. Concomitantemente, foi realizado um pr\u00e9vio trabalho de intelig\u00eancia policial, que subsidiou o competente pedido de mandado de busca e apreens\u00e3o domiciliar, o qual foi deferido pelo Ju\u00edzo da 3\u00aa Vara Criminal da Comarca de Dracena.<\/p>\n<p style=\"text-align: justify;\">No fim da tarde desta quinta-feira (26), a Pol\u00edcia Civil deflagrou a a\u00e7\u00e3o para dar cumprimento \u00e0 ordem judicial, na resid\u00eancia ao entrarem pelo port\u00e3o principal os policiais civis se depararam com mulher suspeita, que prontamente atendeu a ordem comando emanada. No fundo da resid\u00eancia os agentes localizaram outro suspeito morador do im\u00f3vel. E ainda um terceiro envolvido que estava na casa tentou fugir pulando a grade, mas acabou detido na cal\u00e7ada.<\/p>\n<p style=\"text-align: justify;\">Durante as buscas foram localizadas tr\u00eas por\u00e7\u00f5es de subst\u00e2ncia esverdeada aparentando ser maconha, dentro da gaveta do arm\u00e1rio do banheiro, al\u00e9m de um rolo de pl\u00e1stico filme, uma balan\u00e7a de precis\u00e3o e duas facas com l\u00e2minas contendo resqu\u00edcios semelhante a maconha. J\u00e1 na cozinha embaixo do arm\u00e1rio foram encontradas 9 por\u00e7\u00f5es de subst\u00e2ncia com odor e caracter\u00edstica de coca\u00edna, e em cima do micro-ondas a quantia de R$ 130 reais, em notas diversas.<\/p>\n<p style=\"text-align: justify;\">O casal recebeu voz de pris\u00e3o em flagrante, e ap\u00f3s o t\u00e9rmino dos procedimentos de pol\u00edcia judiciaria, ambos permaneceram presos, no aguardo da audi\u00eancia de cust\u00f3dia. Todo material entorpecente apreendido foi encaminho para o N\u00facleo de Per\u00edcias Criminal\u00edsticas para elabora\u00e7\u00e3o de laudo de comprova\u00e7\u00e3o de substancias proscritas.<\/p>\n<p style=\"text-align: justify;\">O homem que tentou fugir com a chegada dos policiais civis na resid\u00eancia, alegou ser usu\u00e1rio de maconha e que estava no local para consumir entorpecentes, mas que desconhecia se os moradores do im\u00f3vel comercializavam drogas a terceiro, e que tentou fugir porque havia se assustado. A Pol\u00edcia Civil tomou a termos suas declara\u00e7\u00f5es e em seguida foi liberado.<\/p>\n<p style=\"text-align: justify;\">O homem preso j\u00e1 possui uma condena\u00e7\u00e3o de 1 ano e 8 meses, em regime aberto, pela pena de tr\u00e1fico privilegiado.<\/p>\n<p style=\"text-align: justify;\">Fonte: Com. Social Pol\u00edcia Civil<\/p>\n","protected":false},"excerpt":{"rendered":"<p>A resid\u00eancia dos suspeitos fica localizada nas proximidades de onde acontece a feira livre em Dracena, que principalmente, nas quartas-feiras, h\u00e1 grande concentra\u00e7\u00e3o de adolescentes e jovens. Durante a a\u00e7\u00e3o de cumprimento de busca e apreens\u00e3o domiciliar foram localizadas trouxinhas de coca\u00edna e maconha, balan\u00e7a de precis\u00e3o, dinheiro, facas com l\u00e2minas contendo resqu\u00edcios de substancias [&hellip;]<\/p>\n","protected":false},"author":1,"featured_media":64117,"comment_status":"closed","ping_status":"open","sticky":false,"template":"","format":"standard","meta":{"footnotes":""},"categories":[110,2],"tags":[],"class_list":["post-64116","post","type-post","status-publish","format-standard","has-post-thumbnail","hentry","category-noticiasdestaque","category-policial"],"_links":{"self":[{"href":"https:\/\/jorgezanoni.com.br\/2019\/wp-json\/wp\/v2\/posts\/64116","targetHints":{"allow":["GET"]}}],"collection":[{"href":"https:\/\/jorgezanoni.com.br\/2019\/wp-json\/wp\/v2\/posts"}],"about":[{"href":"https:\/\/jorgezanoni.com.br\/2019\/wp-json\/wp\/v2\/types\/post"}],"author":[{"embeddable":true,"href":"https:\/\/jorgezanoni.com.br\/2019\/wp-json\/wp\/v2\/users\/1"}],"replies":[{"embeddable":true,"href":"https:\/\/jorgezanoni.com.br\/2019\/wp-json\/wp\/v2\/comments?post=64116"}],"version-history":[{"count":0,"href":"https:\/\/jorgezanoni.com.br\/2019\/wp-json\/wp\/v2\/posts\/64116\/revisions"}],"wp:featuredmedia":[{"embeddable":true,"href":"https:\/\/jorgezanoni.com.br\/2019\/wp-json\/wp\/v2\/media\/64117"}],"wp:attachment":[{"href":"https:\/\/jorgezanoni.com.br\/2019\/wp-json\/wp\/v2\/media?parent=64116"}],"wp:term":[{"taxonomy":"category","embeddable":true,"href":"https:\/\/jorgezanoni.com.br\/2019\/wp-json\/wp\/v2\/categories?post=64116"},{"taxonomy":"post_tag","embeddable":true,"href":"https:\/\/jorgezanoni.com.br\/2019\/wp-json\/wp\/v2\/tags?post=64116"}],"curies":[{"name":"wp","href":"https:\/\/api.w.org\/{rel}","templated":true}]}}