{"id":64109,"date":"2022-05-26T23:48:22","date_gmt":"2022-05-26T23:48:22","guid":{"rendered":"https:\/\/jorgezanoni.com.br\/2019\/?p=64109"},"modified":"2022-05-26T23:48:22","modified_gmt":"2022-05-26T23:48:22","slug":"jovem-dracenense-e-destaque-nas-finais-do-campeonato-paulista-de-karate","status":"publish","type":"post","link":"https:\/\/jorgezanoni.com.br\/2019\/jovem-dracenense-e-destaque-nas-finais-do-campeonato-paulista-de-karate\/","title":{"rendered":"Jovem dracenense \u00e9 destaque nas finais do Campeonato Paulista de Karat\u00ea"},"content":{"rendered":"<p style=\"text-align: justify;\">O jovem dracenense Josemar Jacob Branco Junior, foi destaque nas finais do Campeonato Paulista de Karat\u00ea. Na Categoria KUMITE Junior M 6\u00ba kyu \u00e0 3\u00ba kyu -61 kg.<\/p>\n<p style=\"text-align: justify;\">Ele alcan\u00e7ou o terceiro lugar em sua categoria. Al\u00e9m da \u00f3tima classifica\u00e7\u00e3o, o atleta est\u00e1 na etapa classificat\u00f3ria para o Campeonato Brasileiro de 2.022<\/p>\n<p>Seus pais Renata e Edinho e suas duas irm\u00e3s Isis e Elo\u00e1, est\u00e3o muito felizes com a conquista, que o ocorreu na cidade de s\u00e3o Bernardo do campo no \u00faltimo s\u00e1bado (21), e agradecem a Associa\u00e7\u00e3o de Karat\u00ea de Dracena, e os senseis Marcio perez, Cleber e Giovana<\/p>\n<p>O Site JZ parabeniza o atleta pela brilhante conquista!!!<\/p>\n<p>Jorge Zanoni<\/p>\n<p>&nbsp;<\/p>\n","protected":false},"excerpt":{"rendered":"<p>O jovem dracenense Josemar Jacob Branco Junior, foi destaque nas finais do Campeonato Paulista de Karat\u00ea. Na Categoria KUMITE Junior M 6\u00ba kyu \u00e0 3\u00ba kyu -61 kg. Ele alcan\u00e7ou o terceiro lugar em sua categoria. Al\u00e9m da \u00f3tima classifica\u00e7\u00e3o, o atleta est\u00e1 na etapa classificat\u00f3ria para o Campeonato Brasileiro de 2.022 Seus pais Renata [&hellip;]<\/p>\n","protected":false},"author":1,"featured_media":64110,"comment_status":"closed","ping_status":"open","sticky":false,"template":"","format":"standard","meta":{"footnotes":""},"categories":[111,110],"tags":[],"class_list":["post-64109","post","type-post","status-publish","format-standard","has-post-thumbnail","hentry","category-esporteecultura","category-noticiasdestaque"],"_links":{"self":[{"href":"https:\/\/jorgezanoni.com.br\/2019\/wp-json\/wp\/v2\/posts\/64109","targetHints":{"allow":["GET"]}}],"collection":[{"href":"https:\/\/jorgezanoni.com.br\/2019\/wp-json\/wp\/v2\/posts"}],"about":[{"href":"https:\/\/jorgezanoni.com.br\/2019\/wp-json\/wp\/v2\/types\/post"}],"author":[{"embeddable":true,"href":"https:\/\/jorgezanoni.com.br\/2019\/wp-json\/wp\/v2\/users\/1"}],"replies":[{"embeddable":true,"href":"https:\/\/jorgezanoni.com.br\/2019\/wp-json\/wp\/v2\/comments?post=64109"}],"version-history":[{"count":0,"href":"https:\/\/jorgezanoni.com.br\/2019\/wp-json\/wp\/v2\/posts\/64109\/revisions"}],"wp:featuredmedia":[{"embeddable":true,"href":"https:\/\/jorgezanoni.com.br\/2019\/wp-json\/wp\/v2\/media\/64110"}],"wp:attachment":[{"href":"https:\/\/jorgezanoni.com.br\/2019\/wp-json\/wp\/v2\/media?parent=64109"}],"wp:term":[{"taxonomy":"category","embeddable":true,"href":"https:\/\/jorgezanoni.com.br\/2019\/wp-json\/wp\/v2\/categories?post=64109"},{"taxonomy":"post_tag","embeddable":true,"href":"https:\/\/jorgezanoni.com.br\/2019\/wp-json\/wp\/v2\/tags?post=64109"}],"curies":[{"name":"wp","href":"https:\/\/api.w.org\/{rel}","templated":true}]}}