{"id":64105,"date":"2022-05-26T23:07:24","date_gmt":"2022-05-26T23:07:24","guid":{"rendered":"https:\/\/jorgezanoni.com.br\/2019\/?p=64105"},"modified":"2022-05-26T23:07:24","modified_gmt":"2022-05-26T23:07:24","slug":"policia-civil-promove-doacao-de-veiculos-apreendidos-para-entidades-assistenciais-em-junqueiropolis","status":"publish","type":"post","link":"https:\/\/jorgezanoni.com.br\/2019\/policia-civil-promove-doacao-de-veiculos-apreendidos-para-entidades-assistenciais-em-junqueiropolis\/","title":{"rendered":"Pol\u00edcia Civil promove doa\u00e7\u00e3o de ve\u00edculos apreendidos para entidades assistenciais em Junqueir\u00f3polis"},"content":{"rendered":"<p style=\"text-align: justify;\"><strong>A autoriza\u00e7\u00e3o para a doa\u00e7\u00e3o dos bens apreendidos, foi concedida pelo ju\u00edzo da Comarca de Junqueir\u00f3polis.<\/strong><\/p>\n<p style=\"text-align: justify;\">A Pol\u00edcia Civil, por interm\u00e9dio da Delegacia de Pol\u00edcia de Junqueir\u00f3polis, realizou nesta quinta-feira (26), a entrega em doa\u00e7\u00e3o de dois ve\u00edculos para entidades assistenciais do munic\u00edpio de Junqueir\u00f3polis. Foram beneficiadas a Sociedade de Prote\u00e7\u00e3o \u00e0 Inf\u00e2ncia &#8211; SPI, que recebeu um Fiat P\u00e1lio e a Comunidade Terap\u00eautica Lar Santa Terezinha, que agora conta com um GM Montana para um melhor atendimento a seus assistidos.<\/p>\n<p style=\"text-align: justify;\">Os referidos ve\u00edculos estavam sob cust\u00f3dia na Delegacia de Pol\u00edcia de Junqueir\u00f3polis, por terem sido usados na pr\u00e1tica de crime, a exemplo, do crime de tr\u00e1fico de drogas. A entrega dos autom\u00f3veis foi poss\u00edvel ap\u00f3s decis\u00e3o proferida em requerimento postulado ao Poder Judici\u00e1rio da Comarca de Junqueir\u00f3polis.<\/p>\n<p style=\"text-align: justify;\">As entendidas assistenciais recebedoras far\u00e3o um melhor proveito social dos bens apreendidos, beneficiando as pessoas que necessitam. A Pol\u00edcia Civil espera, em breve, promover outras doa\u00e7\u00f5es de ve\u00edculos beneficiando mais entidades do munic\u00edpio.<\/p>\n<p><img loading=\"lazy\" decoding=\"async\" class=\"alignnone size-full wp-image-64107\" src=\"https:\/\/jorgezanoni.com.br\/2019\/wp-content\/uploads\/2022\/05\/junq1.jpg\" alt=\"\" width=\"1002\" height=\"753\" srcset=\"https:\/\/jorgezanoni.com.br\/2019\/wp-content\/uploads\/2022\/05\/junq1.jpg 1002w, https:\/\/jorgezanoni.com.br\/2019\/wp-content\/uploads\/2022\/05\/junq1-300x225.jpg 300w, https:\/\/jorgezanoni.com.br\/2019\/wp-content\/uploads\/2022\/05\/junq1-768x577.jpg 768w, https:\/\/jorgezanoni.com.br\/2019\/wp-content\/uploads\/2022\/05\/junq1-80x60.jpg 80w, https:\/\/jorgezanoni.com.br\/2019\/wp-content\/uploads\/2022\/05\/junq1-265x198.jpg 265w, https:\/\/jorgezanoni.com.br\/2019\/wp-content\/uploads\/2022\/05\/junq1-696x523.jpg 696w, https:\/\/jorgezanoni.com.br\/2019\/wp-content\/uploads\/2022\/05\/junq1-559x420.jpg 559w\" sizes=\"auto, (max-width: 1002px) 100vw, 1002px\" \/><\/p>\n<p style=\"text-align: justify;\">Fonte: Com. Social Pol\u00edcia Civil<\/p>\n","protected":false},"excerpt":{"rendered":"<p>A autoriza\u00e7\u00e3o para a doa\u00e7\u00e3o dos bens apreendidos, foi concedida pelo ju\u00edzo da Comarca de Junqueir\u00f3polis. A Pol\u00edcia Civil, por interm\u00e9dio da Delegacia de Pol\u00edcia de Junqueir\u00f3polis, realizou nesta quinta-feira (26), a entrega em doa\u00e7\u00e3o de dois ve\u00edculos para entidades assistenciais do munic\u00edpio de Junqueir\u00f3polis. Foram beneficiadas a Sociedade de Prote\u00e7\u00e3o \u00e0 Inf\u00e2ncia &#8211; SPI, [&hellip;]<\/p>\n","protected":false},"author":1,"featured_media":64106,"comment_status":"closed","ping_status":"open","sticky":false,"template":"","format":"standard","meta":{"footnotes":""},"categories":[110,2],"tags":[],"class_list":["post-64105","post","type-post","status-publish","format-standard","has-post-thumbnail","hentry","category-noticiasdestaque","category-policial"],"_links":{"self":[{"href":"https:\/\/jorgezanoni.com.br\/2019\/wp-json\/wp\/v2\/posts\/64105","targetHints":{"allow":["GET"]}}],"collection":[{"href":"https:\/\/jorgezanoni.com.br\/2019\/wp-json\/wp\/v2\/posts"}],"about":[{"href":"https:\/\/jorgezanoni.com.br\/2019\/wp-json\/wp\/v2\/types\/post"}],"author":[{"embeddable":true,"href":"https:\/\/jorgezanoni.com.br\/2019\/wp-json\/wp\/v2\/users\/1"}],"replies":[{"embeddable":true,"href":"https:\/\/jorgezanoni.com.br\/2019\/wp-json\/wp\/v2\/comments?post=64105"}],"version-history":[{"count":0,"href":"https:\/\/jorgezanoni.com.br\/2019\/wp-json\/wp\/v2\/posts\/64105\/revisions"}],"wp:featuredmedia":[{"embeddable":true,"href":"https:\/\/jorgezanoni.com.br\/2019\/wp-json\/wp\/v2\/media\/64106"}],"wp:attachment":[{"href":"https:\/\/jorgezanoni.com.br\/2019\/wp-json\/wp\/v2\/media?parent=64105"}],"wp:term":[{"taxonomy":"category","embeddable":true,"href":"https:\/\/jorgezanoni.com.br\/2019\/wp-json\/wp\/v2\/categories?post=64105"},{"taxonomy":"post_tag","embeddable":true,"href":"https:\/\/jorgezanoni.com.br\/2019\/wp-json\/wp\/v2\/tags?post=64105"}],"curies":[{"name":"wp","href":"https:\/\/api.w.org\/{rel}","templated":true}]}}