{"id":64089,"date":"2022-05-26T21:12:41","date_gmt":"2022-05-26T21:12:41","guid":{"rendered":"https:\/\/jorgezanoni.com.br\/2019\/?p=64089"},"modified":"2022-05-26T21:12:41","modified_gmt":"2022-05-26T21:12:41","slug":"1a-aula-da-unati-na-fcat-em-2022-conhecendo-a-unesp-campus-de-dracena","status":"publish","type":"post","link":"https:\/\/jorgezanoni.com.br\/2019\/1a-aula-da-unati-na-fcat-em-2022-conhecendo-a-unesp-campus-de-dracena\/","title":{"rendered":"1\u00aa Aula da UNATI na FCAT em 2022: Conhecendo a Unesp \u00a0&#8211; C\u00e2mpus de Dracena"},"content":{"rendered":"<p style=\"text-align: justify;\">O programa Universidade Aberta \u00e0 Terceira Idade (UNATI) \u00e9 desenvolvido em parceria entre a FCAT\/Unesp &#8211; Faculdade de Ci\u00eancias Agr\u00e1rias e Tecnol\u00f3gicas, Coordenado pelos professores Paulo Alexandre Monteiro de Figueiredo e Celso Tadao Miasaki, a Unifadra\/FUNDEC &#8211; Funda\u00e7\u00e3o Dracenense de Educa\u00e7\u00e3o e Cultura, Coordenado pela professora Daniela Mac\u00e1rio, e a Prefeitura Municipal de Dracena.<\/p>\n<p style=\"text-align: justify;\">Depois de dois anos com as atividades sendo realizadas de forma remota, devido a pandemia de Covid-19, as aulas da 14\u00aa turma da UNATI tiveram seu in\u00edcio no dia 10 de maio de 2022, presencialmente na Unifadra. A 14\u00aa turma \u00e9 formada por 36 \u201calunos unatianos\u201d, sendo 35 do munic\u00edpio de Dracena e 1 do munic\u00edpio de Panorama.<\/p>\n<p style=\"text-align: justify;\">Na \u00faltima quinta-feira, dia 19 de maio, ocorreu a 1\u00aa aula presencial de 2022 na FCAT\/ Unesp. Durante a aula, os alunos tiveram a oportunidade de conhecer as depend\u00eancias da FCAT, inclusive visitando alguns setores de pesquisa e o espa\u00e7o multifuncional da Biblioteca. Essa aula foi ministrada pela Profa. Sirlei Maest\u00e1, Vice-Diretora da FCAT, que recebeu e apresentou nossa unidade universit\u00e1ria aos novos unatianos.<\/p>\n<p style=\"text-align: justify;\">Destacamos que o programa UNATI \u00e9 gratuito e destinado a pessoas com mais de 60 anos, independentemente do grau de escolaridade, promovendo atividades f\u00edsicas, intelectuais e recreativas voltadas aos idosos de nossa regi\u00e3o, com o objetivo de proporcionar o bem-estar f\u00edsico, social e emocional dos participantes.<\/p>\n<p><img loading=\"lazy\" decoding=\"async\" class=\"alignnone size-full wp-image-64090\" src=\"https:\/\/jorgezanoni.com.br\/2019\/wp-content\/uploads\/2022\/05\/Unati.jpeg\" alt=\"\" width=\"1600\" height=\"901\" srcset=\"https:\/\/jorgezanoni.com.br\/2019\/wp-content\/uploads\/2022\/05\/Unati.jpeg 1600w, https:\/\/jorgezanoni.com.br\/2019\/wp-content\/uploads\/2022\/05\/Unati-300x169.jpeg 300w, https:\/\/jorgezanoni.com.br\/2019\/wp-content\/uploads\/2022\/05\/Unati-1024x577.jpeg 1024w, https:\/\/jorgezanoni.com.br\/2019\/wp-content\/uploads\/2022\/05\/Unati-768x432.jpeg 768w, https:\/\/jorgezanoni.com.br\/2019\/wp-content\/uploads\/2022\/05\/Unati-1536x865.jpeg 1536w, https:\/\/jorgezanoni.com.br\/2019\/wp-content\/uploads\/2022\/05\/Unati-696x392.jpeg 696w, https:\/\/jorgezanoni.com.br\/2019\/wp-content\/uploads\/2022\/05\/Unati-1068x601.jpeg 1068w, https:\/\/jorgezanoni.com.br\/2019\/wp-content\/uploads\/2022\/05\/Unati-746x420.jpeg 746w\" sizes=\"auto, (max-width: 1600px) 100vw, 1600px\" \/> <img loading=\"lazy\" decoding=\"async\" class=\"alignnone size-full wp-image-64091\" src=\"https:\/\/jorgezanoni.com.br\/2019\/wp-content\/uploads\/2022\/05\/Unati1.jpeg\" alt=\"\" width=\"1600\" height=\"901\" srcset=\"https:\/\/jorgezanoni.com.br\/2019\/wp-content\/uploads\/2022\/05\/Unati1.jpeg 1600w, https:\/\/jorgezanoni.com.br\/2019\/wp-content\/uploads\/2022\/05\/Unati1-300x169.jpeg 300w, https:\/\/jorgezanoni.com.br\/2019\/wp-content\/uploads\/2022\/05\/Unati1-1024x577.jpeg 1024w, https:\/\/jorgezanoni.com.br\/2019\/wp-content\/uploads\/2022\/05\/Unati1-768x432.jpeg 768w, https:\/\/jorgezanoni.com.br\/2019\/wp-content\/uploads\/2022\/05\/Unati1-1536x865.jpeg 1536w, https:\/\/jorgezanoni.com.br\/2019\/wp-content\/uploads\/2022\/05\/Unati1-696x392.jpeg 696w, https:\/\/jorgezanoni.com.br\/2019\/wp-content\/uploads\/2022\/05\/Unati1-1068x601.jpeg 1068w, https:\/\/jorgezanoni.com.br\/2019\/wp-content\/uploads\/2022\/05\/Unati1-746x420.jpeg 746w\" sizes=\"auto, (max-width: 1600px) 100vw, 1600px\" \/> <img loading=\"lazy\" decoding=\"async\" class=\"alignnone size-full wp-image-64092\" src=\"https:\/\/jorgezanoni.com.br\/2019\/wp-content\/uploads\/2022\/05\/Unati2.jpeg\" alt=\"\" width=\"1600\" height=\"901\" srcset=\"https:\/\/jorgezanoni.com.br\/2019\/wp-content\/uploads\/2022\/05\/Unati2.jpeg 1600w, https:\/\/jorgezanoni.com.br\/2019\/wp-content\/uploads\/2022\/05\/Unati2-300x169.jpeg 300w, https:\/\/jorgezanoni.com.br\/2019\/wp-content\/uploads\/2022\/05\/Unati2-1024x577.jpeg 1024w, https:\/\/jorgezanoni.com.br\/2019\/wp-content\/uploads\/2022\/05\/Unati2-768x432.jpeg 768w, https:\/\/jorgezanoni.com.br\/2019\/wp-content\/uploads\/2022\/05\/Unati2-1536x865.jpeg 1536w, https:\/\/jorgezanoni.com.br\/2019\/wp-content\/uploads\/2022\/05\/Unati2-696x392.jpeg 696w, https:\/\/jorgezanoni.com.br\/2019\/wp-content\/uploads\/2022\/05\/Unati2-1068x601.jpeg 1068w, https:\/\/jorgezanoni.com.br\/2019\/wp-content\/uploads\/2022\/05\/Unati2-746x420.jpeg 746w\" sizes=\"auto, (max-width: 1600px) 100vw, 1600px\" \/> <img loading=\"lazy\" decoding=\"async\" class=\"alignnone size-full wp-image-64093\" src=\"https:\/\/jorgezanoni.com.br\/2019\/wp-content\/uploads\/2022\/05\/Unati3.jpeg\" alt=\"\" width=\"1600\" height=\"901\" srcset=\"https:\/\/jorgezanoni.com.br\/2019\/wp-content\/uploads\/2022\/05\/Unati3.jpeg 1600w, https:\/\/jorgezanoni.com.br\/2019\/wp-content\/uploads\/2022\/05\/Unati3-300x169.jpeg 300w, https:\/\/jorgezanoni.com.br\/2019\/wp-content\/uploads\/2022\/05\/Unati3-1024x577.jpeg 1024w, https:\/\/jorgezanoni.com.br\/2019\/wp-content\/uploads\/2022\/05\/Unati3-768x432.jpeg 768w, https:\/\/jorgezanoni.com.br\/2019\/wp-content\/uploads\/2022\/05\/Unati3-1536x865.jpeg 1536w, https:\/\/jorgezanoni.com.br\/2019\/wp-content\/uploads\/2022\/05\/Unati3-696x392.jpeg 696w, https:\/\/jorgezanoni.com.br\/2019\/wp-content\/uploads\/2022\/05\/Unati3-1068x601.jpeg 1068w, https:\/\/jorgezanoni.com.br\/2019\/wp-content\/uploads\/2022\/05\/Unati3-746x420.jpeg 746w\" sizes=\"auto, (max-width: 1600px) 100vw, 1600px\" \/> <img loading=\"lazy\" decoding=\"async\" class=\"alignnone size-full wp-image-64094\" src=\"https:\/\/jorgezanoni.com.br\/2019\/wp-content\/uploads\/2022\/05\/Unati4.jpeg\" alt=\"\" width=\"1600\" height=\"901\" srcset=\"https:\/\/jorgezanoni.com.br\/2019\/wp-content\/uploads\/2022\/05\/Unati4.jpeg 1600w, https:\/\/jorgezanoni.com.br\/2019\/wp-content\/uploads\/2022\/05\/Unati4-300x169.jpeg 300w, https:\/\/jorgezanoni.com.br\/2019\/wp-content\/uploads\/2022\/05\/Unati4-1024x577.jpeg 1024w, https:\/\/jorgezanoni.com.br\/2019\/wp-content\/uploads\/2022\/05\/Unati4-768x432.jpeg 768w, https:\/\/jorgezanoni.com.br\/2019\/wp-content\/uploads\/2022\/05\/Unati4-1536x865.jpeg 1536w, https:\/\/jorgezanoni.com.br\/2019\/wp-content\/uploads\/2022\/05\/Unati4-696x392.jpeg 696w, https:\/\/jorgezanoni.com.br\/2019\/wp-content\/uploads\/2022\/05\/Unati4-1068x601.jpeg 1068w, https:\/\/jorgezanoni.com.br\/2019\/wp-content\/uploads\/2022\/05\/Unati4-746x420.jpeg 746w\" sizes=\"auto, (max-width: 1600px) 100vw, 1600px\" \/><\/p>\n<p style=\"text-align: justify;\">Fonte: FCAT<\/p>\n","protected":false},"excerpt":{"rendered":"<p>O programa Universidade Aberta \u00e0 Terceira Idade (UNATI) \u00e9 desenvolvido em parceria entre a FCAT\/Unesp &#8211; Faculdade de Ci\u00eancias Agr\u00e1rias e Tecnol\u00f3gicas, Coordenado pelos professores Paulo Alexandre Monteiro de Figueiredo e Celso Tadao Miasaki, a Unifadra\/FUNDEC &#8211; Funda\u00e7\u00e3o Dracenense de Educa\u00e7\u00e3o e Cultura, Coordenado pela professora Daniela Mac\u00e1rio, e a Prefeitura Municipal de Dracena. Depois [&hellip;]<\/p>\n","protected":false},"author":1,"featured_media":64095,"comment_status":"closed","ping_status":"open","sticky":false,"template":"","format":"standard","meta":{"footnotes":""},"categories":[110,122],"tags":[],"class_list":["post-64089","post","type-post","status-publish","format-standard","has-post-thumbnail","hentry","category-noticiasdestaque","category-saudeeducacaoeconcurso"],"_links":{"self":[{"href":"https:\/\/jorgezanoni.com.br\/2019\/wp-json\/wp\/v2\/posts\/64089","targetHints":{"allow":["GET"]}}],"collection":[{"href":"https:\/\/jorgezanoni.com.br\/2019\/wp-json\/wp\/v2\/posts"}],"about":[{"href":"https:\/\/jorgezanoni.com.br\/2019\/wp-json\/wp\/v2\/types\/post"}],"author":[{"embeddable":true,"href":"https:\/\/jorgezanoni.com.br\/2019\/wp-json\/wp\/v2\/users\/1"}],"replies":[{"embeddable":true,"href":"https:\/\/jorgezanoni.com.br\/2019\/wp-json\/wp\/v2\/comments?post=64089"}],"version-history":[{"count":0,"href":"https:\/\/jorgezanoni.com.br\/2019\/wp-json\/wp\/v2\/posts\/64089\/revisions"}],"wp:featuredmedia":[{"embeddable":true,"href":"https:\/\/jorgezanoni.com.br\/2019\/wp-json\/wp\/v2\/media\/64095"}],"wp:attachment":[{"href":"https:\/\/jorgezanoni.com.br\/2019\/wp-json\/wp\/v2\/media?parent=64089"}],"wp:term":[{"taxonomy":"category","embeddable":true,"href":"https:\/\/jorgezanoni.com.br\/2019\/wp-json\/wp\/v2\/categories?post=64089"},{"taxonomy":"post_tag","embeddable":true,"href":"https:\/\/jorgezanoni.com.br\/2019\/wp-json\/wp\/v2\/tags?post=64089"}],"curies":[{"name":"wp","href":"https:\/\/api.w.org\/{rel}","templated":true}]}}