{"id":64055,"date":"2022-05-25T23:07:26","date_gmt":"2022-05-25T23:07:26","guid":{"rendered":"https:\/\/jorgezanoni.com.br\/2019\/?p=64055"},"modified":"2022-05-25T23:07:26","modified_gmt":"2022-05-25T23:07:26","slug":"major-pm-ivan-garcia-e-promovido-ao-posto-de-tenente-coronel-da-policia-militar-e-tenente-pm-medeiros-a-1o-tenente","status":"publish","type":"post","link":"https:\/\/jorgezanoni.com.br\/2019\/major-pm-ivan-garcia-e-promovido-ao-posto-de-tenente-coronel-da-policia-militar-e-tenente-pm-medeiros-a-1o-tenente\/","title":{"rendered":"Major PM Ivan Garcia \u00e9 promovido ao posto de Tenente Coronel da Pol\u00edcia Militar e Tenente PM Medeiros a 1\u00ba Tenente"},"content":{"rendered":"<p style=\"text-align: justify;\"><strong>MAJOR PM IVAN GARCIA \u00c9 PROMOVIDO AO POSTO DE TENENTE CORONEL DA POL\u00cdCIA MILITAR E TENENTE PM MEDEIROS \u00c9 PROMOVIDO A 1\u00b0 TENENTE PM.<\/strong><\/p>\n<p style=\"text-align: justify;\">Foi publicado no dia 19 no Di\u00e1rio Oficial do Estado de S\u00e3o Paulo a promo\u00e7\u00e3o do Oficialato da Pol\u00edcia Militar incluindo o Oficiais da \u00e1rea do Comando de Policiamento do Interior Oito a contar da data de ontem (24) maio.<br \/>\nEntre os Oficiais promovidos o Major PM Ivan Garcia de Oliveira do 25\u00ba BPM\/I foi promovido ao posto de Tenente Coronel da Pol\u00edcia Militar e tamb\u00e9m o 2\u00ba Tenente PM Juliano Pires de Medeiros foi promovido ao Posto de 1\u00ba Tenente PM.<br \/>\nO Tenente Coronel Ivan ingressou na Pol\u00edcia Militar do Estado de S\u00e3o Paulo no ano de 1991 no Curso de Forma\u00e7\u00e3o de Soldados em Osasco (CPAM-8), alcan\u00e7ando a 1\u00aa classifica\u00e7\u00e3o.<br \/>\nTrabalhou como Soldado PM no 2\u00ba Batalh\u00e3o de Policiamento de Choque nos anos de 1992 a 1993.<br \/>\nIngressou na Academia do Barro Branco na Turma 1996 no ano de 1993 e<br \/>\nap\u00f3s a conclus\u00e3o do curso de Oficiais trabalhou em Unidade da Pol\u00edcia em S\u00e3o Paulo e posteriormente comandou o Pelot\u00e3o de For\u00e7a T\u00e1tica do 25\u00ba BPM\/I.<br \/>\nEntre os cursos dentro da Institui\u00e7\u00e3o podemos citar: o curso de For\u00e7a T\u00e1tica em 2002, Policiamento em Eventos no ano de 2011, Batalh\u00e3o Especial de Pronto Emprego &#8211; For\u00e7a Nacional, em 2011 tamb\u00e9m, Direitos Humanos e outros cursos, operacionais e administrativos da Pol\u00edcia Militar do Estado de S\u00e3o Paulo.<br \/>\nTrabalhou como Tenente PM no 17\u00baBPM\/M, 25\u00ba BPM\/I e 28\u00ba BPM\/I.<br \/>\nComo Capit\u00e3o PM comandou a 1\u00aa e a 4\u00aa Companhia PM do 25\u00baBPM\/I e como Major foi Coordenador Operacional do 25\u00ba BPM\/I e do 42\u00ba BPM\/I (sede em Presidente Venceslau), al\u00e9m de exercer a fun\u00e7\u00e3o de Subcomandante do 8\u00ba BAEP (sede em Presidente Prudente) no ano 2019.<br \/>\nO Comandante do 25\u00ba BPM\/I, Tenente Coronel Ivan Garcia de Oliveira, tamb\u00e9m tem a forma\u00e7\u00e3o de Bacharel em Direito em 2008 pela AEMS (Associa\u00e7\u00e3o de Ensino e Cultura de Mato Grosso do Sul &#8211; Faculdades Integradas &#8211; Tr\u00eas Lagoas).<br \/>\nParab\u00e9ns Tenente Coronel PM Ivan pela promo\u00e7\u00e3o conquistada.<br \/>\nOs Oficiais e Pra\u00e7as do 25\u00ba BPM\/I desejam muito sucesso.<\/p>\n<p><img loading=\"lazy\" decoding=\"async\" class=\"alignnone size-full wp-image-64057\" src=\"https:\/\/jorgezanoni.com.br\/2019\/wp-content\/uploads\/2022\/05\/major1.jpg\" alt=\"\" width=\"960\" height=\"1280\" srcset=\"https:\/\/jorgezanoni.com.br\/2019\/wp-content\/uploads\/2022\/05\/major1.jpg 960w, https:\/\/jorgezanoni.com.br\/2019\/wp-content\/uploads\/2022\/05\/major1-225x300.jpg 225w, https:\/\/jorgezanoni.com.br\/2019\/wp-content\/uploads\/2022\/05\/major1-768x1024.jpg 768w, https:\/\/jorgezanoni.com.br\/2019\/wp-content\/uploads\/2022\/05\/major1-696x928.jpg 696w, https:\/\/jorgezanoni.com.br\/2019\/wp-content\/uploads\/2022\/05\/major1-315x420.jpg 315w\" sizes=\"auto, (max-width: 960px) 100vw, 960px\" \/> <img loading=\"lazy\" decoding=\"async\" class=\"alignnone size-full wp-image-64058\" src=\"https:\/\/jorgezanoni.com.br\/2019\/wp-content\/uploads\/2022\/05\/major2.jpg\" alt=\"\" width=\"1209\" height=\"576\" srcset=\"https:\/\/jorgezanoni.com.br\/2019\/wp-content\/uploads\/2022\/05\/major2.jpg 1209w, https:\/\/jorgezanoni.com.br\/2019\/wp-content\/uploads\/2022\/05\/major2-300x143.jpg 300w, https:\/\/jorgezanoni.com.br\/2019\/wp-content\/uploads\/2022\/05\/major2-1024x488.jpg 1024w, https:\/\/jorgezanoni.com.br\/2019\/wp-content\/uploads\/2022\/05\/major2-768x366.jpg 768w, https:\/\/jorgezanoni.com.br\/2019\/wp-content\/uploads\/2022\/05\/major2-696x332.jpg 696w, https:\/\/jorgezanoni.com.br\/2019\/wp-content\/uploads\/2022\/05\/major2-1068x509.jpg 1068w, https:\/\/jorgezanoni.com.br\/2019\/wp-content\/uploads\/2022\/05\/major2-882x420.jpg 882w\" sizes=\"auto, (max-width: 1209px) 100vw, 1209px\" \/> <img loading=\"lazy\" decoding=\"async\" class=\"alignnone size-full wp-image-64059\" src=\"https:\/\/jorgezanoni.com.br\/2019\/wp-content\/uploads\/2022\/05\/major3.jpg\" alt=\"\" width=\"1280\" height=\"853\" srcset=\"https:\/\/jorgezanoni.com.br\/2019\/wp-content\/uploads\/2022\/05\/major3.jpg 1280w, https:\/\/jorgezanoni.com.br\/2019\/wp-content\/uploads\/2022\/05\/major3-300x200.jpg 300w, https:\/\/jorgezanoni.com.br\/2019\/wp-content\/uploads\/2022\/05\/major3-1024x682.jpg 1024w, https:\/\/jorgezanoni.com.br\/2019\/wp-content\/uploads\/2022\/05\/major3-768x512.jpg 768w, https:\/\/jorgezanoni.com.br\/2019\/wp-content\/uploads\/2022\/05\/major3-696x464.jpg 696w, https:\/\/jorgezanoni.com.br\/2019\/wp-content\/uploads\/2022\/05\/major3-1068x712.jpg 1068w, https:\/\/jorgezanoni.com.br\/2019\/wp-content\/uploads\/2022\/05\/major3-630x420.jpg 630w\" sizes=\"auto, (max-width: 1280px) 100vw, 1280px\" \/> <img loading=\"lazy\" decoding=\"async\" class=\"alignnone size-full wp-image-64060\" src=\"https:\/\/jorgezanoni.com.br\/2019\/wp-content\/uploads\/2022\/05\/major4.jpg\" alt=\"\" width=\"1031\" height=\"818\" srcset=\"https:\/\/jorgezanoni.com.br\/2019\/wp-content\/uploads\/2022\/05\/major4.jpg 1031w, https:\/\/jorgezanoni.com.br\/2019\/wp-content\/uploads\/2022\/05\/major4-300x238.jpg 300w, https:\/\/jorgezanoni.com.br\/2019\/wp-content\/uploads\/2022\/05\/major4-1024x812.jpg 1024w, https:\/\/jorgezanoni.com.br\/2019\/wp-content\/uploads\/2022\/05\/major4-768x609.jpg 768w, https:\/\/jorgezanoni.com.br\/2019\/wp-content\/uploads\/2022\/05\/major4-696x552.jpg 696w, https:\/\/jorgezanoni.com.br\/2019\/wp-content\/uploads\/2022\/05\/major4-529x420.jpg 529w\" sizes=\"auto, (max-width: 1031px) 100vw, 1031px\" \/> <img loading=\"lazy\" decoding=\"async\" class=\"alignnone size-full wp-image-64061\" src=\"https:\/\/jorgezanoni.com.br\/2019\/wp-content\/uploads\/2022\/05\/major5.jpg\" alt=\"\" width=\"797\" height=\"853\" srcset=\"https:\/\/jorgezanoni.com.br\/2019\/wp-content\/uploads\/2022\/05\/major5.jpg 797w, https:\/\/jorgezanoni.com.br\/2019\/wp-content\/uploads\/2022\/05\/major5-280x300.jpg 280w, https:\/\/jorgezanoni.com.br\/2019\/wp-content\/uploads\/2022\/05\/major5-768x822.jpg 768w, https:\/\/jorgezanoni.com.br\/2019\/wp-content\/uploads\/2022\/05\/major5-696x745.jpg 696w, https:\/\/jorgezanoni.com.br\/2019\/wp-content\/uploads\/2022\/05\/major5-392x420.jpg 392w\" sizes=\"auto, (max-width: 797px) 100vw, 797px\" \/><\/p>\n<p style=\"text-align: justify;\">#25BPMI<br \/>\n#CPI8<br \/>\n#POLICIAMILITARSP<br \/>\n#AFOR\u00c7AP\u00daBLICADES\u00c3OPAULO<\/p>\n","protected":false},"excerpt":{"rendered":"<p>MAJOR PM IVAN GARCIA \u00c9 PROMOVIDO AO POSTO DE TENENTE CORONEL DA POL\u00cdCIA MILITAR E TENENTE PM MEDEIROS \u00c9 PROMOVIDO A 1\u00b0 TENENTE PM. Foi publicado no dia 19 no Di\u00e1rio Oficial do Estado de S\u00e3o Paulo a promo\u00e7\u00e3o do Oficialato da Pol\u00edcia Militar incluindo o Oficiais da \u00e1rea do Comando de Policiamento do Interior [&hellip;]<\/p>\n","protected":false},"author":1,"featured_media":64056,"comment_status":"closed","ping_status":"open","sticky":false,"template":"","format":"standard","meta":{"footnotes":""},"categories":[110,2],"tags":[],"class_list":["post-64055","post","type-post","status-publish","format-standard","has-post-thumbnail","hentry","category-noticiasdestaque","category-policial"],"_links":{"self":[{"href":"https:\/\/jorgezanoni.com.br\/2019\/wp-json\/wp\/v2\/posts\/64055","targetHints":{"allow":["GET"]}}],"collection":[{"href":"https:\/\/jorgezanoni.com.br\/2019\/wp-json\/wp\/v2\/posts"}],"about":[{"href":"https:\/\/jorgezanoni.com.br\/2019\/wp-json\/wp\/v2\/types\/post"}],"author":[{"embeddable":true,"href":"https:\/\/jorgezanoni.com.br\/2019\/wp-json\/wp\/v2\/users\/1"}],"replies":[{"embeddable":true,"href":"https:\/\/jorgezanoni.com.br\/2019\/wp-json\/wp\/v2\/comments?post=64055"}],"version-history":[{"count":0,"href":"https:\/\/jorgezanoni.com.br\/2019\/wp-json\/wp\/v2\/posts\/64055\/revisions"}],"wp:featuredmedia":[{"embeddable":true,"href":"https:\/\/jorgezanoni.com.br\/2019\/wp-json\/wp\/v2\/media\/64056"}],"wp:attachment":[{"href":"https:\/\/jorgezanoni.com.br\/2019\/wp-json\/wp\/v2\/media?parent=64055"}],"wp:term":[{"taxonomy":"category","embeddable":true,"href":"https:\/\/jorgezanoni.com.br\/2019\/wp-json\/wp\/v2\/categories?post=64055"},{"taxonomy":"post_tag","embeddable":true,"href":"https:\/\/jorgezanoni.com.br\/2019\/wp-json\/wp\/v2\/tags?post=64055"}],"curies":[{"name":"wp","href":"https:\/\/api.w.org\/{rel}","templated":true}]}}