{"id":64047,"date":"2022-05-25T16:40:40","date_gmt":"2022-05-25T16:40:40","guid":{"rendered":"https:\/\/jorgezanoni.com.br\/2019\/?p=64047"},"modified":"2022-05-25T16:40:40","modified_gmt":"2022-05-25T16:40:40","slug":"apresentado-o-programa-de-desenvolvimento-local-em-dracena","status":"publish","type":"post","link":"https:\/\/jorgezanoni.com.br\/2019\/apresentado-o-programa-de-desenvolvimento-local-em-dracena\/","title":{"rendered":"Apresentado o Programa de Desenvolvimento local em Dracena"},"content":{"rendered":"<p style=\"text-align: justify;\">Com parcerias com SDR\/SDE\/ACE\/Prefeitura e C\u00e2mara Municipal de Dracena o Sebrae-SP, a Prefeitura no lan\u00e7amento nessa ter\u00e7a-feira do Programa de Desenvolvimento Local (PDL) com o objetivo de levar mais sustentabilidade, crescimento e competitividade ao munic\u00edpio por meio de a\u00e7\u00f5es ligadas ao empreendedorismo envolvendo o setor p\u00fablico, setor produtivo e a sociedade civil.<\/p>\n<p style=\"text-align: justify;\">A a\u00e7\u00e3o conta com o apoio da Funda\u00e7\u00e3o Dracenense de Educa\u00e7\u00e3o e Cultura (Fundec), Associa\u00e7\u00e3o Produtores Rurais de Dracena e Sindicato Rural de Dracena.<\/p>\n<p>No audit\u00f3rio da Fundec foi realizada uma palestra para apresentar todas as a\u00e7\u00f5es que ser\u00e3o desenvolvidas para fomentar o desenvolvimento regional e beneficiar diversos setores do munic\u00edpio.<\/p>\n<p>As atividades trabalhadas em conjunto ir\u00e3o refletir em mais empregos, gera\u00e7\u00e3o de renda, aumento do Produto Interno Bruto (PIB) e acesso a cr\u00e9dito. O programa \u00e9 baseado de acordo com a voca\u00e7\u00e3o regional e no fomento e desenvolvimento de neg\u00f3cios.<\/p>\n<p>O PDL contempla a\u00e7\u00f5es de educa\u00e7\u00e3o empreendedora; inclus\u00e3o produtiva, por meio de cursos do Empreenda R\u00e1pido; tecnologia; acesso a mercado, inova\u00e7\u00e3o; ind\u00fastria e incentivo aos pequenos neg\u00f3cios venderem para o poder p\u00fablico. O programa tamb\u00e9m ter\u00e1 a\u00e7\u00f5es de fomento ao empreendedorismo feminino com a realiza\u00e7\u00e3o dos cursos do Sebrae Delas.<\/p>\n<p>Empreendedores e empreendedoras de Dracena ter\u00e3o acesso a capacita\u00e7\u00f5es de presen\u00e7a digital, t\u00e9cnicas de vendas, intelig\u00eancia emocional nos neg\u00f3cios, fideliza\u00e7\u00e3o de clientes, finan\u00e7as, motiva\u00e7\u00e3o de equipe, recrutamento e sele\u00e7\u00e3o de pessoas, vitrine e exposi\u00e7\u00e3o de produtos, acesso a cr\u00e9dito, encontros de neg\u00f3cios, consultorias individuais e miss\u00e3o empresarial para a Feira do Empreendedor, em S\u00e3o Paulo, a maior feira de empreendedorismo da Am\u00e9rica Latina.<\/p>\n<p>De acordo a consultora de neg\u00f3cios do Sebrae-SP Selma Luz, o programa foi criado para unir todos os setores e agentes para promover o desenvolvimento local por meio de a\u00e7\u00f5es de pol\u00edticas p\u00fablicas, educa\u00e7\u00e3o empreendedora e solu\u00e7\u00f5es setoriais. \u201cEntendemos que o empreendedorismo atua como impulsionador da economia e do desenvolvimento social, por isso estamos felizes em anunciar esse programa que vai potencializar o crescimento.<\/p>\n<p>Francisco Torturello do Escrit\u00f3rio Regional de Desenvolvimento este presente no evento.<\/p>\n<p><img loading=\"lazy\" decoding=\"async\" class=\"alignnone size-full wp-image-64049\" src=\"https:\/\/jorgezanoni.com.br\/2019\/wp-content\/uploads\/2022\/05\/des1-1.jpg\" alt=\"\" width=\"688\" height=\"1421\" srcset=\"https:\/\/jorgezanoni.com.br\/2019\/wp-content\/uploads\/2022\/05\/des1-1.jpg 688w, https:\/\/jorgezanoni.com.br\/2019\/wp-content\/uploads\/2022\/05\/des1-1-145x300.jpg 145w, https:\/\/jorgezanoni.com.br\/2019\/wp-content\/uploads\/2022\/05\/des1-1-496x1024.jpg 496w, https:\/\/jorgezanoni.com.br\/2019\/wp-content\/uploads\/2022\/05\/des1-1-203x420.jpg 203w\" sizes=\"auto, (max-width: 688px) 100vw, 688px\" \/><\/p>\n<p>Fonte: Bastidores da Noticia<\/p>\n","protected":false},"excerpt":{"rendered":"<p>Com parcerias com SDR\/SDE\/ACE\/Prefeitura e C\u00e2mara Municipal de Dracena o Sebrae-SP, a Prefeitura no lan\u00e7amento nessa ter\u00e7a-feira do Programa de Desenvolvimento Local (PDL) com o objetivo de levar mais sustentabilidade, crescimento e competitividade ao munic\u00edpio por meio de a\u00e7\u00f5es ligadas ao empreendedorismo envolvendo o setor p\u00fablico, setor produtivo e a sociedade civil. A a\u00e7\u00e3o conta [&hellip;]<\/p>\n","protected":false},"author":1,"featured_media":64048,"comment_status":"closed","ping_status":"open","sticky":false,"template":"","format":"standard","meta":{"footnotes":""},"categories":[179,184,110],"tags":[],"class_list":["post-64047","post","type-post","status-publish","format-standard","has-post-thumbnail","hentry","category-cidadeseregiao","category-dracena","category-noticiasdestaque"],"_links":{"self":[{"href":"https:\/\/jorgezanoni.com.br\/2019\/wp-json\/wp\/v2\/posts\/64047","targetHints":{"allow":["GET"]}}],"collection":[{"href":"https:\/\/jorgezanoni.com.br\/2019\/wp-json\/wp\/v2\/posts"}],"about":[{"href":"https:\/\/jorgezanoni.com.br\/2019\/wp-json\/wp\/v2\/types\/post"}],"author":[{"embeddable":true,"href":"https:\/\/jorgezanoni.com.br\/2019\/wp-json\/wp\/v2\/users\/1"}],"replies":[{"embeddable":true,"href":"https:\/\/jorgezanoni.com.br\/2019\/wp-json\/wp\/v2\/comments?post=64047"}],"version-history":[{"count":0,"href":"https:\/\/jorgezanoni.com.br\/2019\/wp-json\/wp\/v2\/posts\/64047\/revisions"}],"wp:featuredmedia":[{"embeddable":true,"href":"https:\/\/jorgezanoni.com.br\/2019\/wp-json\/wp\/v2\/media\/64048"}],"wp:attachment":[{"href":"https:\/\/jorgezanoni.com.br\/2019\/wp-json\/wp\/v2\/media?parent=64047"}],"wp:term":[{"taxonomy":"category","embeddable":true,"href":"https:\/\/jorgezanoni.com.br\/2019\/wp-json\/wp\/v2\/categories?post=64047"},{"taxonomy":"post_tag","embeddable":true,"href":"https:\/\/jorgezanoni.com.br\/2019\/wp-json\/wp\/v2\/tags?post=64047"}],"curies":[{"name":"wp","href":"https:\/\/api.w.org\/{rel}","templated":true}]}}