{"id":64020,"date":"2022-05-25T00:38:35","date_gmt":"2022-05-25T00:38:35","guid":{"rendered":"https:\/\/jorgezanoni.com.br\/2019\/?p=64020"},"modified":"2022-05-25T00:39:17","modified_gmt":"2022-05-25T00:39:17","slug":"64020","status":"publish","type":"post","link":"https:\/\/jorgezanoni.com.br\/2019\/64020\/","title":{"rendered":"SOCIOLOGIA: Ci\u00eancia e Reflex\u00e3o!"},"content":{"rendered":"<p style=\"text-align: justify;\">SOCIOLOGIA: CI\u00caNCIA E REFLEX\u00c3O!<\/p>\n<p style=\"text-align: justify;\"><em>\u201cEm grande medida, a fun\u00e7\u00e3o do soci\u00f3logo de nossos dias \u00e9 liberar sua ci\u00eancia do aprisionamento que o poder burgu\u00eas lhe imp\u00f4s e transformar a sociologia em um instrumento de transforma\u00e7\u00e3o social\u201d.<\/em> (C.B. Martins in \u2018O que \u00e9 Sociologia\u2019, Cole\u00e7\u00e3o Primeiros Passos, C\u00edrculo do Livro, Volume 12, 1994, p\u00e1g. 174.).<\/p>\n<p style=\"text-align: justify;\"><em>S\u00e9rgio Barbosa (*) <\/em><strong>\u00a0<\/strong><\/p>\n<p style=\"text-align: justify;\">A sociologia \u00e9 uma ci\u00eancia contradit\u00f3ria, utilizada para v\u00e1rios interesses adversos a sua proposta te\u00f3rica frente ao lado da pr\u00e1xis, bem como, quando o poder institucionalizado pela opress\u00e3o usa das suas bases te\u00f3ricas para a manuten\u00e7\u00e3o do mesmo&#8230;<\/p>\n<p style=\"text-align: justify;\">Tamb\u00e9m, o outro lado, ou seja, os movimentos revolucion\u00e1rios tendem a refor\u00e7ar suas propostas visando mudan\u00e7as por meio das propostas sociol\u00f3gicas comprometidas com o referencial te\u00f3rico dos\/as pesquisadores\/as&#8230;<\/p>\n<p style=\"text-align: justify;\">\u00c9 fundamental conhecer a Hist\u00f3ria da Sociologia para um entendimento mediado pela reflex\u00e3o cr\u00edtica neste contexto dial\u00e9tico, tamb\u00e9m, para um posicionamento frente \u00e0s mudan\u00e7as em n\u00edvel internacional&#8230;<\/p>\n<p style=\"text-align: justify;\">A sociologia, bem como, outras ci\u00eancias acad\u00eamicas, decorrem das tentativas para uma compreens\u00e3o de um ou mais contextos relacionados com as sociedades capitalistas, socialistas, comunistas e outras&#8230;<\/p>\n<p style=\"text-align: justify;\">A denominada sociedade moderna, embora existam outras propostas nesta proposta social, entende que \u00e9 necess\u00e1ria uma reflex\u00e3o te\u00f3rica para fazer frente aos acontecimentos de uma sociedade&#8230;<\/p>\n<p style=\"text-align: justify;\">Os pensadores desta sociologia apresentam bases te\u00f3ricas como referencial para uma interpreta\u00e7\u00e3o hist\u00f3ricos sobre os desencontros da civiliza\u00e7\u00e3o por meio dos acontecimentos nas \u00e1reas afins aos interesses dos\/as pesquisadores\/as da \u00e1rea sociol\u00f3gica&#8230;<\/p>\n<p style=\"text-align: justify;\">Um dos maiores nomes da Sociologia \u00e9 Augusto Comte, bem como, outros pesquisadores, inclusive, o pensamento positivista, presente, ainda em muitas sociedades decorre da proposta de Comte quando da elabora\u00e7\u00e3o das teses visando a cria\u00e7\u00e3o do Positivismo como movimento internacional&#8230;<\/p>\n<p style=\"text-align: justify;\">Foi no cen\u00e1rio do s\u00e9culo XVIII que aconteceu a proposta apresentada pela sociologia, tendo como pano de fundo dois acontecimentos importantes para a Hist\u00f3ria da Humanidade, a saber: as revolu\u00e7\u00f5es industrial e francesa&#8230;<\/p>\n<p style=\"text-align: justify;\">A Revolu\u00e7\u00e3o Industrial, baseada na Inglaterra, extrapolou as m\u00e1quinas, causando uma outra revolu\u00e7\u00e3o, ou seja, tirando os trabalhadores da \u00e1rea rural, proporcionando uma invas\u00e3o dos mesmos para a \u00e1rea urbana&#8230;<\/p>\n<p style=\"text-align: justify;\">Pelas \u201cm\u00e3os da revolu\u00e7\u00e3o industrial\u201d, aparece neste cen\u00e1rio o outro lado do avan\u00e7o industrial, os prolet\u00e1rios e seus problemas nas esferas sociais, econ\u00f4micas e pol\u00edtica, refor\u00e7ando o car\u00e1ter predat\u00f3rio da explora\u00e7\u00e3o do ser humano pelo sistema social implantado&#8230;<\/p>\n<p style=\"text-align: justify;\">O pensamento aparece neste meio como uma alternativa cr\u00edtica sobre os acontecimentos oriundos da revolu\u00e7\u00e3o Industrial, tamb\u00e9m, outros problemas colaboram com a reflex\u00e3o sociol\u00f3gica entre pesquisadores nas \u00e1reas das ci\u00eancias f\u00edsica, natural e acad\u00eamica&#8230;<\/p>\n<p style=\"text-align: justify;\">A Sociologia, tamb\u00e9m, entendida como Ci\u00eancias Sociais, atendeu naquele momento as expectativas para um momento crucial para a sociedade, criando novas condi\u00e7\u00f5es mediadas pela reflex\u00e3o do homem sobre a sociedade em meio a Revolu\u00e7\u00e3o Industrial do s\u00e9culo XVIII&#8230;<\/p>\n<p style=\"text-align: justify;\"><strong><em>________________________________________<\/em><\/strong><\/p>\n<p style=\"text-align: justify;\"><strong><em>(*) Bacharel em Comunica\u00e7\u00e3o Social com habilita\u00e7\u00e3o em Jornalismo pela FCS\/IMS; Jornalista profissional diplomado (MTb No. 16.772\/SP); Mestre em Ci\u00eancias da Religi\u00e3o\/Sociologia da Religi\u00e3o (PPG\/CR-UMESP); Pesquisador da C\u00e1tedra UNESCO\/UMESP de Comunica\u00e7\u00e3o para o Desenvolvimento Regional e professor universit\u00e1rio.<\/em><\/strong><\/p>\n<p style=\"text-align: justify;\"><strong><em>E-MAIL: <a href=\"mailto:barbosa.sebar@gmail.com\">barbosa.sebar@gmail.com<\/a><\/em><\/strong><\/p>\n<p><strong><em>\u00a0\u00a0 <\/em><\/strong><\/p>\n","protected":false},"excerpt":{"rendered":"<p>SOCIOLOGIA: CI\u00caNCIA E REFLEX\u00c3O! \u201cEm grande medida, a fun\u00e7\u00e3o do soci\u00f3logo de nossos dias \u00e9 liberar sua ci\u00eancia do aprisionamento que o poder burgu\u00eas lhe imp\u00f4s e transformar a sociologia em um instrumento de transforma\u00e7\u00e3o social\u201d. (C.B. Martins in \u2018O que \u00e9 Sociologia\u2019, Cole\u00e7\u00e3o Primeiros Passos, C\u00edrculo do Livro, Volume 12, 1994, p\u00e1g. 174.). S\u00e9rgio [&hellip;]<\/p>\n","protected":false},"author":1,"featured_media":64021,"comment_status":"closed","ping_status":"open","sticky":false,"template":"","format":"standard","meta":{"footnotes":""},"categories":[175],"tags":[],"class_list":["post-64020","post","type-post","status-publish","format-standard","has-post-thumbnail","hentry","category-artigos"],"_links":{"self":[{"href":"https:\/\/jorgezanoni.com.br\/2019\/wp-json\/wp\/v2\/posts\/64020","targetHints":{"allow":["GET"]}}],"collection":[{"href":"https:\/\/jorgezanoni.com.br\/2019\/wp-json\/wp\/v2\/posts"}],"about":[{"href":"https:\/\/jorgezanoni.com.br\/2019\/wp-json\/wp\/v2\/types\/post"}],"author":[{"embeddable":true,"href":"https:\/\/jorgezanoni.com.br\/2019\/wp-json\/wp\/v2\/users\/1"}],"replies":[{"embeddable":true,"href":"https:\/\/jorgezanoni.com.br\/2019\/wp-json\/wp\/v2\/comments?post=64020"}],"version-history":[{"count":0,"href":"https:\/\/jorgezanoni.com.br\/2019\/wp-json\/wp\/v2\/posts\/64020\/revisions"}],"wp:featuredmedia":[{"embeddable":true,"href":"https:\/\/jorgezanoni.com.br\/2019\/wp-json\/wp\/v2\/media\/64021"}],"wp:attachment":[{"href":"https:\/\/jorgezanoni.com.br\/2019\/wp-json\/wp\/v2\/media?parent=64020"}],"wp:term":[{"taxonomy":"category","embeddable":true,"href":"https:\/\/jorgezanoni.com.br\/2019\/wp-json\/wp\/v2\/categories?post=64020"},{"taxonomy":"post_tag","embeddable":true,"href":"https:\/\/jorgezanoni.com.br\/2019\/wp-json\/wp\/v2\/tags?post=64020"}],"curies":[{"name":"wp","href":"https:\/\/api.w.org\/{rel}","templated":true}]}}