{"id":64014,"date":"2022-05-24T23:24:07","date_gmt":"2022-05-24T23:24:07","guid":{"rendered":"https:\/\/jorgezanoni.com.br\/2019\/?p=64014"},"modified":"2022-05-24T23:24:07","modified_gmt":"2022-05-24T23:24:07","slug":"casa-pega-fogo-no-jardim-das-palmeiras-ii-em-dracena","status":"publish","type":"post","link":"https:\/\/jorgezanoni.com.br\/2019\/casa-pega-fogo-no-jardim-das-palmeiras-ii-em-dracena\/","title":{"rendered":"Casa pega fogo no Jardim das Palmeiras II em Dracena"},"content":{"rendered":"<p style=\"text-align: justify;\">No in\u00edcio da noite desta ter\u00e7a-feira (24), houve o registro de inc\u00eandio em uma resid\u00eancia na esquina da Alameda Alemanha com Rua das Dracenas, no Jardim das Palmeiras II.<\/p>\n<p style=\"text-align: justify;\">Segundo informa\u00e7\u00f5es obtidas pela reportagem do Site JZ, o fogo teria come\u00e7ado em um corredor e teria sido controlado por uma Unidade do Corpo de Bombeiros. A Pol\u00edcia Militar tamb\u00e9m compareceu ao local.<\/p>\n<p style=\"text-align: justify;\">No momento do fato n\u00e3o havia ningu\u00e9m na resid\u00eancia, e tamb\u00e9m n\u00e3o houve feridos. Ainda n\u00e3o se sabe o que teria provocado o inc\u00eandio.<\/p>\n<p><img loading=\"lazy\" decoding=\"async\" class=\"alignnone size-full wp-image-64015\" src=\"https:\/\/jorgezanoni.com.br\/2019\/wp-content\/uploads\/2022\/05\/fogo-2.jpg\" alt=\"\" width=\"739\" height=\"1119\" srcset=\"https:\/\/jorgezanoni.com.br\/2019\/wp-content\/uploads\/2022\/05\/fogo-2.jpg 739w, https:\/\/jorgezanoni.com.br\/2019\/wp-content\/uploads\/2022\/05\/fogo-2-198x300.jpg 198w, https:\/\/jorgezanoni.com.br\/2019\/wp-content\/uploads\/2022\/05\/fogo-2-676x1024.jpg 676w, https:\/\/jorgezanoni.com.br\/2019\/wp-content\/uploads\/2022\/05\/fogo-2-696x1054.jpg 696w, https:\/\/jorgezanoni.com.br\/2019\/wp-content\/uploads\/2022\/05\/fogo-2-277x420.jpg 277w\" sizes=\"auto, (max-width: 739px) 100vw, 739px\" \/> <img loading=\"lazy\" decoding=\"async\" class=\"alignnone size-full wp-image-64016\" src=\"https:\/\/jorgezanoni.com.br\/2019\/wp-content\/uploads\/2022\/05\/fogo1.jpg\" alt=\"\" width=\"700\" height=\"525\" srcset=\"https:\/\/jorgezanoni.com.br\/2019\/wp-content\/uploads\/2022\/05\/fogo1.jpg 700w, https:\/\/jorgezanoni.com.br\/2019\/wp-content\/uploads\/2022\/05\/fogo1-300x225.jpg 300w, https:\/\/jorgezanoni.com.br\/2019\/wp-content\/uploads\/2022\/05\/fogo1-80x60.jpg 80w, https:\/\/jorgezanoni.com.br\/2019\/wp-content\/uploads\/2022\/05\/fogo1-265x198.jpg 265w, https:\/\/jorgezanoni.com.br\/2019\/wp-content\/uploads\/2022\/05\/fogo1-696x522.jpg 696w, https:\/\/jorgezanoni.com.br\/2019\/wp-content\/uploads\/2022\/05\/fogo1-560x420.jpg 560w\" sizes=\"auto, (max-width: 700px) 100vw, 700px\" \/> <img loading=\"lazy\" decoding=\"async\" class=\"alignnone size-full wp-image-64017\" src=\"https:\/\/jorgezanoni.com.br\/2019\/wp-content\/uploads\/2022\/05\/fogo2-2.jpg\" alt=\"\" width=\"835\" height=\"853\" srcset=\"https:\/\/jorgezanoni.com.br\/2019\/wp-content\/uploads\/2022\/05\/fogo2-2.jpg 835w, https:\/\/jorgezanoni.com.br\/2019\/wp-content\/uploads\/2022\/05\/fogo2-2-294x300.jpg 294w, https:\/\/jorgezanoni.com.br\/2019\/wp-content\/uploads\/2022\/05\/fogo2-2-768x785.jpg 768w, https:\/\/jorgezanoni.com.br\/2019\/wp-content\/uploads\/2022\/05\/fogo2-2-356x364.jpg 356w, https:\/\/jorgezanoni.com.br\/2019\/wp-content\/uploads\/2022\/05\/fogo2-2-696x711.jpg 696w, https:\/\/jorgezanoni.com.br\/2019\/wp-content\/uploads\/2022\/05\/fogo2-2-411x420.jpg 411w\" sizes=\"auto, (max-width: 835px) 100vw, 835px\" \/><\/p>\n<p style=\"text-align: justify;\">Jorge Zanoni<\/p>\n<p style=\"text-align: justify;\">Fotos de Internauta<\/p>\n","protected":false},"excerpt":{"rendered":"<p>No in\u00edcio da noite desta ter\u00e7a-feira (24), houve o registro de inc\u00eandio em uma resid\u00eancia na esquina da Alameda Alemanha com Rua das Dracenas, no Jardim das Palmeiras II. Segundo informa\u00e7\u00f5es obtidas pela reportagem do Site JZ, o fogo teria come\u00e7ado em um corredor e teria sido controlado por uma Unidade do Corpo de Bombeiros. [&hellip;]<\/p>\n","protected":false},"author":1,"featured_media":64018,"comment_status":"closed","ping_status":"open","sticky":false,"template":"","format":"standard","meta":{"footnotes":""},"categories":[110,2],"tags":[],"class_list":["post-64014","post","type-post","status-publish","format-standard","has-post-thumbnail","hentry","category-noticiasdestaque","category-policial"],"_links":{"self":[{"href":"https:\/\/jorgezanoni.com.br\/2019\/wp-json\/wp\/v2\/posts\/64014","targetHints":{"allow":["GET"]}}],"collection":[{"href":"https:\/\/jorgezanoni.com.br\/2019\/wp-json\/wp\/v2\/posts"}],"about":[{"href":"https:\/\/jorgezanoni.com.br\/2019\/wp-json\/wp\/v2\/types\/post"}],"author":[{"embeddable":true,"href":"https:\/\/jorgezanoni.com.br\/2019\/wp-json\/wp\/v2\/users\/1"}],"replies":[{"embeddable":true,"href":"https:\/\/jorgezanoni.com.br\/2019\/wp-json\/wp\/v2\/comments?post=64014"}],"version-history":[{"count":0,"href":"https:\/\/jorgezanoni.com.br\/2019\/wp-json\/wp\/v2\/posts\/64014\/revisions"}],"wp:featuredmedia":[{"embeddable":true,"href":"https:\/\/jorgezanoni.com.br\/2019\/wp-json\/wp\/v2\/media\/64018"}],"wp:attachment":[{"href":"https:\/\/jorgezanoni.com.br\/2019\/wp-json\/wp\/v2\/media?parent=64014"}],"wp:term":[{"taxonomy":"category","embeddable":true,"href":"https:\/\/jorgezanoni.com.br\/2019\/wp-json\/wp\/v2\/categories?post=64014"},{"taxonomy":"post_tag","embeddable":true,"href":"https:\/\/jorgezanoni.com.br\/2019\/wp-json\/wp\/v2\/tags?post=64014"}],"curies":[{"name":"wp","href":"https:\/\/api.w.org\/{rel}","templated":true}]}}