{"id":64011,"date":"2022-05-24T23:07:11","date_gmt":"2022-05-24T23:07:11","guid":{"rendered":"https:\/\/jorgezanoni.com.br\/2019\/?p=64011"},"modified":"2022-05-24T23:07:11","modified_gmt":"2022-05-24T23:07:11","slug":"participe-da-vii-semana-da-inclusao-da-pessoa-com-deficiencia-unifadra-dracena","status":"publish","type":"post","link":"https:\/\/jorgezanoni.com.br\/2019\/participe-da-vii-semana-da-inclusao-da-pessoa-com-deficiencia-unifadra-dracena\/","title":{"rendered":"Participe da VII Semana da Inclus\u00e3o da Pessoa com Defici\u00eancia &#8211; Unifadra Dracena"},"content":{"rendered":"<p style=\"text-align: justify;\"><i><strong><span style=\"font-size: large;\">Evento presencial, gratuito, aberto ao p\u00fablico e acess\u00edvel em Libras.<\/span><\/strong><br \/>\n<\/i><br \/>\n<span style=\"font-size: large;\">Nos dias 25 a 27 de maio, o departamento de Psicologia da Unifadra promove a VII Semana da Inclus\u00e3o da Pessoa com Defici\u00eancia, tendo como tema &#8220;Os n\u00f3s de todos n\u00f3s em uma s\u00f3 voz: as diversidades na comunica\u00e7\u00e3o&#8221;.<\/span><\/p>\n<p><span style=\"font-size: large;\">O evento \u00e9 presencial, gratuito, aberto ao p\u00fablico, acess\u00edvel em Libras (L\u00edngua Brasileira de Sinais) e ser\u00e1 realizado pelos acad\u00eamicos do 9\u00ba termo do curso, com a coordena\u00e7\u00e3o da Profa. Ma. La\u00edzi da Silva Santos.<\/span><\/p>\n<p><span style=\"font-size: large;\">Segundo a coordenadora do evento, &#8220;falamos a l\u00edngua portuguesa, mas n\u00e3o conseguimos nos comunicar com todo mundo. Mesmo estando em um pa\u00eds de l\u00edngua portuguesa, temos uma segunda l\u00edngua oficial, que \u00e9 a Libras, al\u00e9m de uma diversidade de formas pelas quais as pessoas se comunicam, em especial as pessoas com defici\u00eancia. O tema desta edi\u00e7\u00e3o da Semana da Inclus\u00e3o \u00e9 para que as pessoas possam reconhecer estas diversidades e compreender essas limita\u00e7\u00f5es na comunica\u00e7\u00e3o, dando voz a esta tem\u00e1tica&#8221;, ressalta a Profa. Ma. La\u00edzi.<\/span><\/p>\n<p><span style=\"font-size: large;\">A professora explica que o evento\u00a0<\/span>vai &#8220;desenvolver<span style=\"font-size: large;\">\u00a0atividades que abordem essas quest\u00f5es, al\u00e9m de trazer reflex\u00f5es sobre as pessoas com defici\u00eancias, as relacionando com o atendimento psicol\u00f3gico. Al\u00e9m disso, os participantes tamb\u00e9m v\u00e3o vivenciar experi\u00eancias nas salas tem\u00e1ticas, por meio de din\u00e2micas em que v\u00e3o experimentar algumas rotinas de pessoas com defici\u00eancias na sociedade, por exemplo, simulando o ambiente de um supermercado e o de uma loja e a diversidade de comunica\u00e7\u00e3o nesses locais, bem como outras sensa\u00e7\u00f5es que pessoas com defici\u00eancias experimentam no dia a dia. Desta forma, podemos trazer reflex\u00e3o \u00e0 sociedade e permitir a constru\u00e7\u00e3o de conhecimentos sobre a diversidade de alguns tipos de comunica\u00e7\u00e3o&#8221;, finaliza La\u00edzi.<\/span><\/p>\n<p><span style=\"font-size: large;\">A Profa. Ma. Andr\u00e9a\u00a0<\/span>Frizo<span style=\"font-size: large;\">\u00a0de C. Barbosa, coordenadora do curso de Psicologia da Unifadra, relembra que a primeira Semana da Inclus\u00e3o ocorreu em 2016 e, devido \u00e0 relev\u00e2ncia dos assuntos tratados, ela passou a fazer parte do calend\u00e1rio acad\u00eamico da institui\u00e7\u00e3o.<\/span><\/p>\n<p><b><span style=\"font-size: large;\">PROGRAMA\u00c7\u00c3O<\/span><br \/>\n<span style=\"font-size: large;\">VII Semana da Inclus\u00e3o da Pessoa com Defici\u00eancia<\/span><\/b><br \/>\n<i><span style=\"font-size: large;\">Os n\u00f3s de todos n\u00f3s em uma s\u00f3 voz: as diversidades na comunica\u00e7\u00e3o<\/span><br \/>\n<\/i><span style=\"font-size: large;\"><b>Dias 25, 26 e 27 de maio de 2022<\/b><\/span><\/p>\n<p><span style=\"font-size: large;\"><b>25\/05 (quarta-feira), \u00e0s 19h, no Audit\u00f3rio da Fundec<\/b><\/span><br \/>\n<span style=\"font-size: large;\">&#8211; Abertura com apresenta\u00e7\u00e3o do Coral da Unifadra<\/span><br \/>\n<span style=\"font-size: large;\">&#8211; Palestra: O atendimento psicol\u00f3gico \u00e0s pessoas com defici\u00eancia, com o Prof. Esp. Eduardo Antoniassi Oliveira, psic\u00f3logo cl\u00ednico bil\u00edngue (Libras) com enfoque psicanal\u00edtico<\/span><\/p>\n<p><span style=\"font-size: large;\"><b>26\/05 (quinta-feira), \u00e0s 19h, no Audit\u00f3rio da Fundec<\/b><\/span><br \/>\n<span style=\"font-size: large;\">&#8211; Apresenta\u00e7\u00e3o do Coral da APAE<\/span><br \/>\n<span style=\"font-size: large;\">&#8211; Roda de conversa: &#8220;50 anos de APAE &#8211; Uma hist\u00f3ria de amor e respeito&#8221;<\/span><\/p>\n<p><span style=\"font-size: large;\"><b>27\/05 (sexta-feira), \u00e0s 19h, na Unifadra<\/b><\/span><br \/>\n<span style=\"font-size: large;\">&#8211; Viv\u00eancias em salas tem\u00e1ticas:<\/span><br \/>\n<span style=\"font-size: large;\">Ambiente de supermercado<\/span><br \/>\n<span style=\"font-size: large;\">Sala das sensa\u00e7\u00f5es 1<\/span><br \/>\n<span style=\"font-size: large;\">Sala das sensa\u00e7\u00f5es 2<\/span><br \/>\n<span style=\"font-size: large;\">Com\u00e9rcio inclusivo<\/span><span style=\"color: #888888;\">\u00a0<\/span><\/p>\n<p>Fonte: Depto. Comunica\u00e7\u00e3o Fundec<\/p>\n","protected":false},"excerpt":{"rendered":"<p>Evento presencial, gratuito, aberto ao p\u00fablico e acess\u00edvel em Libras. Nos dias 25 a 27 de maio, o departamento de Psicologia da Unifadra promove a VII Semana da Inclus\u00e3o da Pessoa com Defici\u00eancia, tendo como tema &#8220;Os n\u00f3s de todos n\u00f3s em uma s\u00f3 voz: as diversidades na comunica\u00e7\u00e3o&#8221;. O evento \u00e9 presencial, gratuito, aberto [&hellip;]<\/p>\n","protected":false},"author":1,"featured_media":64012,"comment_status":"closed","ping_status":"open","sticky":false,"template":"","format":"standard","meta":{"footnotes":""},"categories":[110,122],"tags":[],"class_list":["post-64011","post","type-post","status-publish","format-standard","has-post-thumbnail","hentry","category-noticiasdestaque","category-saudeeducacaoeconcurso"],"_links":{"self":[{"href":"https:\/\/jorgezanoni.com.br\/2019\/wp-json\/wp\/v2\/posts\/64011","targetHints":{"allow":["GET"]}}],"collection":[{"href":"https:\/\/jorgezanoni.com.br\/2019\/wp-json\/wp\/v2\/posts"}],"about":[{"href":"https:\/\/jorgezanoni.com.br\/2019\/wp-json\/wp\/v2\/types\/post"}],"author":[{"embeddable":true,"href":"https:\/\/jorgezanoni.com.br\/2019\/wp-json\/wp\/v2\/users\/1"}],"replies":[{"embeddable":true,"href":"https:\/\/jorgezanoni.com.br\/2019\/wp-json\/wp\/v2\/comments?post=64011"}],"version-history":[{"count":0,"href":"https:\/\/jorgezanoni.com.br\/2019\/wp-json\/wp\/v2\/posts\/64011\/revisions"}],"wp:featuredmedia":[{"embeddable":true,"href":"https:\/\/jorgezanoni.com.br\/2019\/wp-json\/wp\/v2\/media\/64012"}],"wp:attachment":[{"href":"https:\/\/jorgezanoni.com.br\/2019\/wp-json\/wp\/v2\/media?parent=64011"}],"wp:term":[{"taxonomy":"category","embeddable":true,"href":"https:\/\/jorgezanoni.com.br\/2019\/wp-json\/wp\/v2\/categories?post=64011"},{"taxonomy":"post_tag","embeddable":true,"href":"https:\/\/jorgezanoni.com.br\/2019\/wp-json\/wp\/v2\/tags?post=64011"}],"curies":[{"name":"wp","href":"https:\/\/api.w.org\/{rel}","templated":true}]}}