{"id":6400,"date":"2019-09-15T18:28:19","date_gmt":"2019-09-15T18:28:19","guid":{"rendered":"https:\/\/jorgezanoni.com.br\/2019\/?p=6400"},"modified":"2019-09-15T18:28:19","modified_gmt":"2019-09-15T18:28:19","slug":"bebe-e-encontrada-por-policiais-em-caixa-de-sapato-em-toledo","status":"publish","type":"post","link":"https:\/\/jorgezanoni.com.br\/2019\/bebe-e-encontrada-por-policiais-em-caixa-de-sapato-em-toledo\/","title":{"rendered":"Beb\u00ea \u00e9 encontrada por policiais em caixa de sapato, em Toledo"},"content":{"rendered":"<h2 class=\"content-head__subtitle\" style=\"text-align: justify;\"><strong>PMs deram o nome de Clara Vit\u00f3ria para a rec\u00e9m-nascida; um dos policiais disse que quer adotar a crian\u00e7a.<\/strong><\/h2>\n<div class=\"mc-column content-text active-extra-styles \" data-block-type=\"unstyled\" data-block-weight=\"43\" data-block-id=\"2\">\n<p class=\"content-text__container \" style=\"text-align: justify;\" data-track-category=\"Link no Texto\" data-track-links=\"\">Uma rec\u00e9m-nascida foi encontrada por policiais militares em uma caixa de sapato em um terreno, em Toledo, no oeste do Paran\u00e1, na manh\u00e3 deste s\u00e1bado (14), ap\u00f3s uma den\u00fancia an\u00f4nima. A crian\u00e7a estava com o cord\u00e3o umbilical amarrado com cadar\u00e7o e com hipotermia.<\/p>\n<\/div>\n<div class=\"wall protected-content\">\n<div class=\"mc-column content-text active-extra-styles \" style=\"text-align: justify;\" data-block-type=\"unstyled\" data-block-weight=\"38\" data-block-id=\"3\">\n<p class=\"content-text__container \" data-track-category=\"Link no Texto\" data-track-links=\"\">A menina, que recebeu o nome de Clara Vit\u00f3ria, nasceu prematura, de 36 semanas, e tem 2,5 kg. Ela est\u00e1 internada na Unidade de Terapia Intensiva (UTI) neonatal do Hospital Bom Jesus. O estado de sa\u00fade \u00e9 est\u00e1vel.<\/p>\n<\/div>\n<div class=\"mc-column content-text active-extra-styles \" style=\"text-align: justify;\" data-block-type=\"unstyled\" data-block-weight=\"49\" data-block-id=\"4\">\n<p class=\"content-text__container \" data-track-category=\"Link no Texto\" data-track-links=\"\">&#8220;Na hora que a gente chegou no hospital o m\u00e9dico disse que ela precisava de um nome. Eu escolhi Vit\u00f3ria e o outro soldado escolheu Clara. No momento imaginei sendo um filho meu. Deus colocou a gente no local certo&#8221;, afirma o soldado da PM S\u00e9rgio Correa da Silva.<\/p>\n<\/div>\n<div class=\"mc-column content-text active-extra-styles \" style=\"text-align: justify;\" data-block-type=\"unstyled\" data-block-weight=\"29\" data-block-id=\"5\">\n<p class=\"content-text__container \" data-track-category=\"Link no Texto\" data-track-links=\"\">O Conselho Tutelar informou que a menina vai permanecer no hospital pelo menos at\u00e9 segunda-feira para ser registrada. Depois, ela deve ser levada para a Casa Abrigo de Toledo.<\/p>\n<\/div>\n<div class=\"mc-column content-text active-extra-styles \" style=\"text-align: justify;\" data-block-type=\"unstyled\" data-block-weight=\"21\" data-block-id=\"6\">\n<p class=\"content-text__container \" data-track-category=\"Link no Texto\" data-track-links=\"\">A Pol\u00edcia Civil vai investigar o caso. Abandono \u00e9 crime com pena prevista de seis meses a dois anos de pris\u00e3o.<\/p>\n<\/div>\n<div class=\"mc-column content-text active-extra-styles \" data-block-type=\"unstyled\" data-block-weight=\"36\" data-block-id=\"7\">\n<p class=\"content-text__container \" style=\"text-align: justify;\" data-track-category=\"Link no Texto\" data-track-links=\"\">O soldado disse que pensa em adotar a crian\u00e7a. &#8220;Falei que ia levar pra casa. Sei que tem os tr\u00e2mites legais, mas a gente pensa sim. Se houver possibilidade, a gente vai adotar sim&#8221;, afirmou S\u00e9rgio.<\/p>\n<p style=\"text-align: justify;\" data-track-category=\"Link no Texto\" data-track-links=\"\">Fonte: G1<\/p>\n<\/div>\n<\/div>\n","protected":false},"excerpt":{"rendered":"<p>PMs deram o nome de Clara Vit\u00f3ria para a rec\u00e9m-nascida; um dos policiais disse que quer adotar a crian\u00e7a. Uma rec\u00e9m-nascida foi encontrada por policiais militares em uma caixa de sapato em um terreno, em Toledo, no oeste do Paran\u00e1, na manh\u00e3 deste s\u00e1bado (14), ap\u00f3s uma den\u00fancia an\u00f4nima. A crian\u00e7a estava com o cord\u00e3o [&hellip;]<\/p>\n","protected":false},"author":1,"featured_media":6401,"comment_status":"closed","ping_status":"open","sticky":false,"template":"","format":"standard","meta":{"footnotes":""},"categories":[110,2],"tags":[],"class_list":["post-6400","post","type-post","status-publish","format-standard","has-post-thumbnail","hentry","category-noticiasdestaque","category-policial"],"_links":{"self":[{"href":"https:\/\/jorgezanoni.com.br\/2019\/wp-json\/wp\/v2\/posts\/6400","targetHints":{"allow":["GET"]}}],"collection":[{"href":"https:\/\/jorgezanoni.com.br\/2019\/wp-json\/wp\/v2\/posts"}],"about":[{"href":"https:\/\/jorgezanoni.com.br\/2019\/wp-json\/wp\/v2\/types\/post"}],"author":[{"embeddable":true,"href":"https:\/\/jorgezanoni.com.br\/2019\/wp-json\/wp\/v2\/users\/1"}],"replies":[{"embeddable":true,"href":"https:\/\/jorgezanoni.com.br\/2019\/wp-json\/wp\/v2\/comments?post=6400"}],"version-history":[{"count":0,"href":"https:\/\/jorgezanoni.com.br\/2019\/wp-json\/wp\/v2\/posts\/6400\/revisions"}],"wp:featuredmedia":[{"embeddable":true,"href":"https:\/\/jorgezanoni.com.br\/2019\/wp-json\/wp\/v2\/media\/6401"}],"wp:attachment":[{"href":"https:\/\/jorgezanoni.com.br\/2019\/wp-json\/wp\/v2\/media?parent=6400"}],"wp:term":[{"taxonomy":"category","embeddable":true,"href":"https:\/\/jorgezanoni.com.br\/2019\/wp-json\/wp\/v2\/categories?post=6400"},{"taxonomy":"post_tag","embeddable":true,"href":"https:\/\/jorgezanoni.com.br\/2019\/wp-json\/wp\/v2\/tags?post=6400"}],"curies":[{"name":"wp","href":"https:\/\/api.w.org\/{rel}","templated":true}]}}