{"id":63993,"date":"2022-05-24T17:33:15","date_gmt":"2022-05-24T17:33:15","guid":{"rendered":"https:\/\/jorgezanoni.com.br\/2019\/?p=63993"},"modified":"2022-05-24T22:40:14","modified_gmt":"2022-05-24T22:40:14","slug":"morre-o-dracenense-guilherme-albuquerque-lima","status":"publish","type":"post","link":"https:\/\/jorgezanoni.com.br\/2019\/morre-o-dracenense-guilherme-albuquerque-lima\/","title":{"rendered":"Morre o dracenense Guilherme Albuquerque Lima"},"content":{"rendered":"<p style=\"text-align: justify;\">A Comunidade da Par\u00f3quia S\u00e3o Francisco de Assis comunica com pesar o falecimento de Guilherme Albuquerque Pereira Lima de 37 anos<\/p>\n<p style=\"text-align: justify;\">\u00c9 filho de Jos\u00e9 Carlos Lima (in mem\u00f3ria) e Maria Cristina de Albuquer Lima. Deixa irm\u00e3o, demais familiares e amigos.<\/p>\n<p style=\"text-align: justify;\">O Site JZ se solidariza com a fam\u00edlia e amigos neste dif\u00edcil momento.<\/p>\n<p style=\"text-align: justify;\">O Sepultamento ocorre amanh\u00e3 (25) no Cemit\u00e9rio de Dracena, \u00e0s 10:00 Horas. N\u00e3o haver\u00e1 Vel\u00f3rio.<\/p>\n<p>Jorge Zanoni<\/p>\n","protected":false},"excerpt":{"rendered":"<p>A Comunidade da Par\u00f3quia S\u00e3o Francisco de Assis comunica com pesar o falecimento de Guilherme Albuquerque Pereira Lima de 37 anos \u00c9 filho de Jos\u00e9 Carlos Lima (in mem\u00f3ria) e Maria Cristina de Albuquer Lima. Deixa irm\u00e3o, demais familiares e amigos. O Site JZ se solidariza com a fam\u00edlia e amigos neste dif\u00edcil momento. O [&hellip;]<\/p>\n","protected":false},"author":1,"featured_media":63994,"comment_status":"closed","ping_status":"open","sticky":false,"template":"","format":"standard","meta":{"footnotes":""},"categories":[178,110],"tags":[],"class_list":["post-63993","post","type-post","status-publish","format-standard","has-post-thumbnail","hentry","category-notadefalecimento","category-noticiasdestaque"],"_links":{"self":[{"href":"https:\/\/jorgezanoni.com.br\/2019\/wp-json\/wp\/v2\/posts\/63993","targetHints":{"allow":["GET"]}}],"collection":[{"href":"https:\/\/jorgezanoni.com.br\/2019\/wp-json\/wp\/v2\/posts"}],"about":[{"href":"https:\/\/jorgezanoni.com.br\/2019\/wp-json\/wp\/v2\/types\/post"}],"author":[{"embeddable":true,"href":"https:\/\/jorgezanoni.com.br\/2019\/wp-json\/wp\/v2\/users\/1"}],"replies":[{"embeddable":true,"href":"https:\/\/jorgezanoni.com.br\/2019\/wp-json\/wp\/v2\/comments?post=63993"}],"version-history":[{"count":0,"href":"https:\/\/jorgezanoni.com.br\/2019\/wp-json\/wp\/v2\/posts\/63993\/revisions"}],"wp:featuredmedia":[{"embeddable":true,"href":"https:\/\/jorgezanoni.com.br\/2019\/wp-json\/wp\/v2\/media\/63994"}],"wp:attachment":[{"href":"https:\/\/jorgezanoni.com.br\/2019\/wp-json\/wp\/v2\/media?parent=63993"}],"wp:term":[{"taxonomy":"category","embeddable":true,"href":"https:\/\/jorgezanoni.com.br\/2019\/wp-json\/wp\/v2\/categories?post=63993"},{"taxonomy":"post_tag","embeddable":true,"href":"https:\/\/jorgezanoni.com.br\/2019\/wp-json\/wp\/v2\/tags?post=63993"}],"curies":[{"name":"wp","href":"https:\/\/api.w.org\/{rel}","templated":true}]}}