{"id":6390,"date":"2019-09-15T17:47:31","date_gmt":"2019-09-15T17:47:31","guid":{"rendered":"https:\/\/jorgezanoni.com.br\/2019\/?p=6390"},"modified":"2019-09-15T17:55:09","modified_gmt":"2019-09-15T17:55:09","slug":"ministerio-publico-faz-recomendacao-a-prefeitura-de-dracena-para-o-combate-ao-mosquito-aedes-aegypti","status":"publish","type":"post","link":"https:\/\/jorgezanoni.com.br\/2019\/ministerio-publico-faz-recomendacao-a-prefeitura-de-dracena-para-o-combate-ao-mosquito-aedes-aegypti\/","title":{"rendered":"Minist\u00e9rio P\u00fablico faz recomenda\u00e7\u00e3o a Prefeitura de Dracena para o combate ao mosquito Aedes aegypti"},"content":{"rendered":"<p><strong>Neste ano, na cidade foram registrados mais de 950 casos de dengue, segundo a VE.<\/strong><\/p>\n<p><img loading=\"lazy\" decoding=\"async\" class=\"alignnone size-full wp-image-6393\" src=\"https:\/\/jorgezanoni.com.br\/2019\/wp-content\/uploads\/2019\/09\/mosquito.jpg\" alt=\"\" width=\"640\" height=\"374\" srcset=\"https:\/\/jorgezanoni.com.br\/2019\/wp-content\/uploads\/2019\/09\/mosquito.jpg 640w, https:\/\/jorgezanoni.com.br\/2019\/wp-content\/uploads\/2019\/09\/mosquito-300x175.jpg 300w\" sizes=\"auto, (max-width: 640px) 100vw, 640px\" \/><\/p>\n<p style=\"text-align: justify;\">O Minist\u00e9rio P\u00fablico atrav\u00e9s da 1\u00aa Promotoria de Justi\u00e7a de Dracena, cujo promotor respons\u00e1vel \u00e9 Antonio Simini Junior, expediu recomenda\u00e7\u00e3o \u00e0 Prefeitura local quanto ao combate ao mosquito Aedes aegypti transmissor da dengue, zika, febre amarela e chikungunya.<\/p>\n<p style=\"text-align: justify;\">Neste ano, na cidade j\u00e1 foram registrados 953 casos de dengue, conforme informou a chefe de Informa\u00e7\u00e3o, Educa\u00e7\u00e3o e Comunica\u00e7\u00e3o, Aline Andrade, da Vigil\u00e2ncia Epidemiol\u00f3gica.<\/p>\n<p style=\"text-align: justify;\">Segundo consta na recomenda\u00e7\u00e3o do promotor de justi\u00e7a, a municipalidade deve encetar medidas com vistas \u00e0 redu\u00e7\u00e3o da circula\u00e7\u00e3o do v\u00edrus, mediante o combate ao vetor do v\u00edrus (mosquito), o que inclui veneno (combate qu\u00edmico), controle ambiental de larvas (combate biol\u00f3gico), elimina\u00e7\u00e3o de locais onde o vetor pode se reproduzir (ex. medidas contra \u00e1gua parada), a\u00e7\u00f5es de bloqueios (visitas de constata\u00e7\u00e3o) e nebuliza\u00e7\u00e3o intensificada onde houve pessoas infectadas, e mutir\u00f5es de limpeza peri\u00f3dicos. Diz ainda: o munic\u00edpio deve zelar pela manuten\u00e7\u00e3o e limpeza de bueiros; promover conscientiza\u00e7\u00e3o da popula\u00e7\u00e3o seja em emissoras de r\u00e1dio, jornais de circula\u00e7\u00e3o local, carro de som, distribui\u00e7\u00e3o de folhetos ou ministrando palestras em institui\u00e7\u00f5es de ensino sobre a preven\u00e7\u00e3o e combate \u00e0 dengue, servindo como alerta e chamado para aux\u00edlio no combate \u00e0 doen\u00e7a. Tamb\u00e9m realizar em sendo o caso, for\u00e7a tarefa, para retiradas de materiais inserv\u00edveis, poss\u00edveis criadouros do Aedes aegypti. Recomenda tamb\u00e9m que o munic\u00edpio deve desenvolver atividades de rotina casa a casa com orienta\u00e7\u00e3o, fiscaliza\u00e7\u00e3o e a aplica\u00e7\u00e3o de larvicidas ou ado\u00e7\u00e3o de outras medidas que se fizerem necess\u00e1rias.<\/p>\n<p style=\"text-align: justify;\">Dr. Simini pontuou que o munic\u00edpio de Dracena deve esclarecer atrav\u00e9s de meios como ve\u00edculos de som, panfletos, r\u00e1dios, jornais, TV e entidades da sociedade organizada que qualquer cidad\u00e3o respons\u00e1vel em a\u00e7\u00e3o ou omiss\u00e3o, envolvido com o uso indevido de im\u00f3veis domiciliares, comerciais, industriais e baldios, assim como de bens p\u00fablicos e de uso comum, tanto na zona urbana quanto na zona rural, ser\u00e1 responsabilidade criminalmente caso venha a impedir a a\u00e7\u00e3o de agentes de sa\u00fade respons\u00e1veis pelo combate ao mosquito da dengue ou, de qualquer modo, venha contribuir para a prolifera\u00e7\u00e3o do mosquito da dengue, deixando de tomar os cuidados preventivos necess\u00e1rios para impedir a prolifera\u00e7\u00e3o do mosquito da dengue. Tamb\u00e9m deve oferece a popula\u00e7\u00e3o n\u00famero de telefone e divulg\u00e1-lo para receber den\u00fancias an\u00f4nimas sobre focos do mosquito. Entre outras recomenda\u00e7\u00f5es tamb\u00e9m ressalta que a Pol\u00edcia Militar deve apoiar os agentes sempre que solicitada.<\/p>\n<p style=\"text-align: justify;\">A \u00faltima das 13 recomenda\u00e7\u00f5es informa que a Prefeitura deve ajuizar a\u00e7\u00e3o civil perante a Justi\u00e7a contra quem impedir, embara\u00e7ar ou dificultar a a\u00e7\u00e3o dos servi\u00e7os de sa\u00fade e Vigil\u00e2ncia Sanit\u00e1ria, respons\u00e1veis pela elimina\u00e7\u00e3o de focos de procria\u00e7\u00e3o do mosquito transmissor e orienta\u00e7\u00e3o para preven\u00e7\u00e3o de novos focos, instruindo a a\u00e7\u00e3o civil com boletim de ocorr\u00eancia, termo circunstanciado, portaria de inqu\u00e9rito policial ou auto de pris\u00e3o em flagrante.<\/p>\n<p style=\"text-align: justify;\">Fonte: Portal Regional<\/p>\n","protected":false},"excerpt":{"rendered":"<p>Neste ano, na cidade foram registrados mais de 950 casos de dengue, segundo a VE. O Minist\u00e9rio P\u00fablico atrav\u00e9s da 1\u00aa Promotoria de Justi\u00e7a de Dracena, cujo promotor respons\u00e1vel \u00e9 Antonio Simini Junior, expediu recomenda\u00e7\u00e3o \u00e0 Prefeitura local quanto ao combate ao mosquito Aedes aegypti transmissor da dengue, zika, febre amarela e chikungunya. Neste ano, [&hellip;]<\/p>\n","protected":false},"author":1,"featured_media":6391,"comment_status":"closed","ping_status":"open","sticky":false,"template":"","format":"standard","meta":{"footnotes":""},"categories":[110,122],"tags":[],"class_list":["post-6390","post","type-post","status-publish","format-standard","has-post-thumbnail","hentry","category-noticiasdestaque","category-saudeeducacaoeconcurso"],"_links":{"self":[{"href":"https:\/\/jorgezanoni.com.br\/2019\/wp-json\/wp\/v2\/posts\/6390","targetHints":{"allow":["GET"]}}],"collection":[{"href":"https:\/\/jorgezanoni.com.br\/2019\/wp-json\/wp\/v2\/posts"}],"about":[{"href":"https:\/\/jorgezanoni.com.br\/2019\/wp-json\/wp\/v2\/types\/post"}],"author":[{"embeddable":true,"href":"https:\/\/jorgezanoni.com.br\/2019\/wp-json\/wp\/v2\/users\/1"}],"replies":[{"embeddable":true,"href":"https:\/\/jorgezanoni.com.br\/2019\/wp-json\/wp\/v2\/comments?post=6390"}],"version-history":[{"count":0,"href":"https:\/\/jorgezanoni.com.br\/2019\/wp-json\/wp\/v2\/posts\/6390\/revisions"}],"wp:featuredmedia":[{"embeddable":true,"href":"https:\/\/jorgezanoni.com.br\/2019\/wp-json\/wp\/v2\/media\/6391"}],"wp:attachment":[{"href":"https:\/\/jorgezanoni.com.br\/2019\/wp-json\/wp\/v2\/media?parent=6390"}],"wp:term":[{"taxonomy":"category","embeddable":true,"href":"https:\/\/jorgezanoni.com.br\/2019\/wp-json\/wp\/v2\/categories?post=6390"},{"taxonomy":"post_tag","embeddable":true,"href":"https:\/\/jorgezanoni.com.br\/2019\/wp-json\/wp\/v2\/tags?post=6390"}],"curies":[{"name":"wp","href":"https:\/\/api.w.org\/{rel}","templated":true}]}}