{"id":63886,"date":"2022-05-20T16:07:02","date_gmt":"2022-05-20T16:07:02","guid":{"rendered":"https:\/\/jorgezanoni.com.br\/2019\/?p=63886"},"modified":"2022-05-20T16:07:02","modified_gmt":"2022-05-20T16:07:02","slug":"policia-militar-prende-homem-por-porte-ilegal-de-arma-de-fogo-em-dracena-2","status":"publish","type":"post","link":"https:\/\/jorgezanoni.com.br\/2019\/policia-militar-prende-homem-por-porte-ilegal-de-arma-de-fogo-em-dracena-2\/","title":{"rendered":"Pol\u00edcia Militar prende homem por porte ilegal de arma de fogo em Dracena"},"content":{"rendered":"<p style=\"text-align: justify;\">Na manh\u00e3 de ontem (19) a equipe da Pol\u00edcia Militar foi acionada via 190 para atendimento de ocorr\u00eancia de desentendimento entre dois homens sendo que uma das partes sacou uma arma segundo uma das partes e com a chegada das equipes, foi feito contato com eles, sendo que, ao realizar contato com o Indiciado e questionado a respeito de portar algum tipo de armamento, este afirmou ter em sua posse uma pistola, e que esta encontrava se desmuniciada, a qual prontamente a apresentou a esta equipe uma Pistola Taurus modelo PT 58 SS, cal 380, entregando posteriormente 01 carregador contendo 09 muni\u00e7\u00f5es intactas.<br \/>\nQuestionado a respeito do referido armamento, o Indiciado apresentou registro da pistola, estando este dentro do prazo de validade, informando tamb\u00e9m n\u00e3o possuir porte de arma de fogo.<br \/>\nDiante do fato, foi dado voz de pris\u00e3o em flagrante delito ao Indiciado, sendo arbitrado a fian\u00e7a no valor de R$ 1.212,00, a qual ao t\u00e9rmino da ocorr\u00eancia n\u00e3o havia sido paga, permanecendo o indiciado a disposi\u00e7\u00e3o da Justi\u00e7a.<\/p>\n<p style=\"text-align: justify;\">Fonte: Com. Social Pol\u00edcia Militar<\/p>\n","protected":false},"excerpt":{"rendered":"<p>Na manh\u00e3 de ontem (19) a equipe da Pol\u00edcia Militar foi acionada via 190 para atendimento de ocorr\u00eancia de desentendimento entre dois homens sendo que uma das partes sacou uma arma segundo uma das partes e com a chegada das equipes, foi feito contato com eles, sendo que, ao realizar contato com o Indiciado e [&hellip;]<\/p>\n","protected":false},"author":1,"featured_media":63887,"comment_status":"closed","ping_status":"open","sticky":false,"template":"","format":"standard","meta":{"footnotes":""},"categories":[110,2],"tags":[],"class_list":["post-63886","post","type-post","status-publish","format-standard","has-post-thumbnail","hentry","category-noticiasdestaque","category-policial"],"_links":{"self":[{"href":"https:\/\/jorgezanoni.com.br\/2019\/wp-json\/wp\/v2\/posts\/63886","targetHints":{"allow":["GET"]}}],"collection":[{"href":"https:\/\/jorgezanoni.com.br\/2019\/wp-json\/wp\/v2\/posts"}],"about":[{"href":"https:\/\/jorgezanoni.com.br\/2019\/wp-json\/wp\/v2\/types\/post"}],"author":[{"embeddable":true,"href":"https:\/\/jorgezanoni.com.br\/2019\/wp-json\/wp\/v2\/users\/1"}],"replies":[{"embeddable":true,"href":"https:\/\/jorgezanoni.com.br\/2019\/wp-json\/wp\/v2\/comments?post=63886"}],"version-history":[{"count":0,"href":"https:\/\/jorgezanoni.com.br\/2019\/wp-json\/wp\/v2\/posts\/63886\/revisions"}],"wp:featuredmedia":[{"embeddable":true,"href":"https:\/\/jorgezanoni.com.br\/2019\/wp-json\/wp\/v2\/media\/63887"}],"wp:attachment":[{"href":"https:\/\/jorgezanoni.com.br\/2019\/wp-json\/wp\/v2\/media?parent=63886"}],"wp:term":[{"taxonomy":"category","embeddable":true,"href":"https:\/\/jorgezanoni.com.br\/2019\/wp-json\/wp\/v2\/categories?post=63886"},{"taxonomy":"post_tag","embeddable":true,"href":"https:\/\/jorgezanoni.com.br\/2019\/wp-json\/wp\/v2\/tags?post=63886"}],"curies":[{"name":"wp","href":"https:\/\/api.w.org\/{rel}","templated":true}]}}