{"id":63880,"date":"2022-05-20T15:41:25","date_gmt":"2022-05-20T15:41:25","guid":{"rendered":"https:\/\/jorgezanoni.com.br\/2019\/?p=63880"},"modified":"2022-05-20T15:41:25","modified_gmt":"2022-05-20T15:41:25","slug":"autor-do-feminicidio-em-dracena-e-preso-junto-com-mais-dois-homens","status":"publish","type":"post","link":"https:\/\/jorgezanoni.com.br\/2019\/autor-do-feminicidio-em-dracena-e-preso-junto-com-mais-dois-homens\/","title":{"rendered":"Autor do feminicidio em Dracena \u00e9 preso junto com mais dois homens"},"content":{"rendered":"<p style=\"text-align: justify;\"><strong>A\u00c7\u00c3O R\u00c1PIDA E CERCO POLICIAL ENTRE POLICIAS DE DRACENA E PANORAMA RESULTAM EM PRIS\u00c3O DO AUTOR DE FEMINIC\u00cdDIO EM FLAGRANTE EM MENOS DE UMA HORA DO CRIME.<\/strong><\/p>\n<p style=\"text-align: justify;\">\nNa data de ontem (19) por volta das 18h05min a Pol\u00edcia Militar foi acionada via 190 para atender ocorr\u00eancia de uma pessoa ca\u00edda dentro do apartamento na cidade de Dracena e pelo local a Unidade de Resgate j\u00e1 prestava socorro \u00e0 v\u00edtima, e informou que a mesma foi encontrada ca\u00edda dentro do apartamento com ferimentos perfuro-cortantes na altura do t\u00f3rax, e que perdeu muito sangue e estava em parada c\u00e1rdio-respirat\u00f3ria sendo socorrida ao Pronto Atendimento Municipal.<br \/>\nFeito contato com as testemunhas que foram as primeiras pessoas que encontraram a v\u00edtima (mulher 35 aos) ca\u00edda no interior de seu apartamento e que solicitou o socorro, bem como encontraram o filho da v\u00edtima, de apenas 5 (cinco) anos.<br \/>\nFoi relatado pela crian\u00e7a que o pai havia matado a m\u00e3e com uma faca, e tamb\u00e9m uma testemunha disse ter ouvido pedidos de socorro vindos do apartamento da v\u00edtima. Diante dos fatos, e de posse das informa\u00e7\u00f5es do poss\u00edvel autor (homem 44 anos) e que poderia estar em um ve\u00edculo GM Vectra na cor azul, descal\u00e7o e os p\u00e9s manchados de sangue; e que tinha parentes em Ouro Verde, onde passaria e depois fugiria para o Estado do Mato Grosso do Sul, foi feito rapidamente cerco em poss\u00edveis vias de fugas pelas equipes da Pol\u00edcia Militar e em menos de 1 hora foi localizado o ve\u00edculo na vicinal Ouro Verde\/Panorama e efetuaram a abordagem; no interior do ve\u00edculo haviam tr\u00eas pessoas, o autor que ainda estava com os p\u00e9s manchados com o sangue da v\u00edtima, o condutor do ve\u00edculo e outro indiv\u00edduo no banco traseiro. Ao ser indagado ao autor se o mesmo tivera algum problema com a esposa em Dracena, que confirmou e relatou que visualizou no celular da esposa conversas da v\u00edtima com outro homem, ent\u00e3o passou a discutir com a mesma, pegou uma faca no arm\u00e1rio e desferiu v\u00e1rios golpes nela, n\u00e3o sabendo precisar quantos e os locais do corpo que atingiu, em seguida saiu correndo e pegou seu ve\u00edculo, foi at\u00e9 a cidade de Ouro Verde onde passou nas resid\u00eancias dos homens que estavam com ele pedindo que os acompanhassem at\u00e9 Panorama, pois tinha feito uma besteira com a mulher, assim deslocaram para Panorama, momento em que foram abordados.<br \/>\nEm vistoria no ve\u00edculo foram encontradas tr\u00eas por\u00e7\u00f5es de maconha na porta do passageiro, que um dos homens informou ser de seu uso, foram encontrados tamb\u00e9m embaixo do banco do motorista, uma faca de cozinha, um canivete e um fac\u00e3o pertencentes ao autor, mas que n\u00e3o foram usadas no crime, segundo informa\u00e7\u00e3o do mesmo, informou tamb\u00e9m que n\u00e3o recorda onde jogou a faca utilizada no crime.<br \/>\nNo decorrer da abordagem as equipes tomaram conhecimento que a v\u00edtima n\u00e3o resistiu aos ferimentos e veio a \u00f3bito \u00e0s 18h35min. Foi dada a voz de pris\u00e3o ao autor por feminic\u00eddio bem como aos outros indiv\u00edduos pelo crime de favorecimento pessoal e porte de entorpecente e pelo crime de favorecimento pessoal.<br \/>\nAcionado o Conselho Tutelar, e compareceram as conselheiras Clauci e Larissa Caroline, entregando o menor (5 anos) para a tia.<\/p>\n<p><img loading=\"lazy\" decoding=\"async\" class=\"alignnone size-full wp-image-63881\" src=\"https:\/\/jorgezanoni.com.br\/2019\/wp-content\/uploads\/2022\/05\/dra.jpg\" alt=\"\" width=\"700\" height=\"933\" srcset=\"https:\/\/jorgezanoni.com.br\/2019\/wp-content\/uploads\/2022\/05\/dra.jpg 700w, https:\/\/jorgezanoni.com.br\/2019\/wp-content\/uploads\/2022\/05\/dra-225x300.jpg 225w, https:\/\/jorgezanoni.com.br\/2019\/wp-content\/uploads\/2022\/05\/dra-696x928.jpg 696w, https:\/\/jorgezanoni.com.br\/2019\/wp-content\/uploads\/2022\/05\/dra-315x420.jpg 315w\" sizes=\"auto, (max-width: 700px) 100vw, 700px\" \/><img loading=\"lazy\" decoding=\"async\" class=\"alignnone size-full wp-image-63883\" src=\"https:\/\/jorgezanoni.com.br\/2019\/wp-content\/uploads\/2022\/05\/dra2.jpg\" alt=\"\" width=\"700\" height=\"525\" srcset=\"https:\/\/jorgezanoni.com.br\/2019\/wp-content\/uploads\/2022\/05\/dra2.jpg 700w, https:\/\/jorgezanoni.com.br\/2019\/wp-content\/uploads\/2022\/05\/dra2-300x225.jpg 300w, https:\/\/jorgezanoni.com.br\/2019\/wp-content\/uploads\/2022\/05\/dra2-80x60.jpg 80w, https:\/\/jorgezanoni.com.br\/2019\/wp-content\/uploads\/2022\/05\/dra2-265x198.jpg 265w, https:\/\/jorgezanoni.com.br\/2019\/wp-content\/uploads\/2022\/05\/dra2-696x522.jpg 696w, https:\/\/jorgezanoni.com.br\/2019\/wp-content\/uploads\/2022\/05\/dra2-560x420.jpg 560w\" sizes=\"auto, (max-width: 700px) 100vw, 700px\" \/><\/p>\n<p style=\"text-align: justify;\">#25bpmi<br \/>\n#cpi8<br \/>\n#POLICIAMILITARSP<br \/>\n#AFOR\u00c7AP\u00daBLICADES\u00c3OPAULO<br \/>\nComunica\u00e7\u00e3o Social do 25BPMI e regi\u00e3o<\/p>\n","protected":false},"excerpt":{"rendered":"<p>A\u00c7\u00c3O R\u00c1PIDA E CERCO POLICIAL ENTRE POLICIAS DE DRACENA E PANORAMA RESULTAM EM PRIS\u00c3O DO AUTOR DE FEMINIC\u00cdDIO EM FLAGRANTE EM MENOS DE UMA HORA DO CRIME. Na data de ontem (19) por volta das 18h05min a Pol\u00edcia Militar foi acionada via 190 para atender ocorr\u00eancia de uma pessoa ca\u00edda dentro do apartamento na cidade [&hellip;]<\/p>\n","protected":false},"author":1,"featured_media":63882,"comment_status":"closed","ping_status":"open","sticky":false,"template":"","format":"standard","meta":{"footnotes":""},"categories":[110,2],"tags":[],"class_list":["post-63880","post","type-post","status-publish","format-standard","has-post-thumbnail","hentry","category-noticiasdestaque","category-policial"],"_links":{"self":[{"href":"https:\/\/jorgezanoni.com.br\/2019\/wp-json\/wp\/v2\/posts\/63880","targetHints":{"allow":["GET"]}}],"collection":[{"href":"https:\/\/jorgezanoni.com.br\/2019\/wp-json\/wp\/v2\/posts"}],"about":[{"href":"https:\/\/jorgezanoni.com.br\/2019\/wp-json\/wp\/v2\/types\/post"}],"author":[{"embeddable":true,"href":"https:\/\/jorgezanoni.com.br\/2019\/wp-json\/wp\/v2\/users\/1"}],"replies":[{"embeddable":true,"href":"https:\/\/jorgezanoni.com.br\/2019\/wp-json\/wp\/v2\/comments?post=63880"}],"version-history":[{"count":0,"href":"https:\/\/jorgezanoni.com.br\/2019\/wp-json\/wp\/v2\/posts\/63880\/revisions"}],"wp:featuredmedia":[{"embeddable":true,"href":"https:\/\/jorgezanoni.com.br\/2019\/wp-json\/wp\/v2\/media\/63882"}],"wp:attachment":[{"href":"https:\/\/jorgezanoni.com.br\/2019\/wp-json\/wp\/v2\/media?parent=63880"}],"wp:term":[{"taxonomy":"category","embeddable":true,"href":"https:\/\/jorgezanoni.com.br\/2019\/wp-json\/wp\/v2\/categories?post=63880"},{"taxonomy":"post_tag","embeddable":true,"href":"https:\/\/jorgezanoni.com.br\/2019\/wp-json\/wp\/v2\/tags?post=63880"}],"curies":[{"name":"wp","href":"https:\/\/api.w.org\/{rel}","templated":true}]}}