{"id":63852,"date":"2022-05-19T23:31:51","date_gmt":"2022-05-19T23:31:51","guid":{"rendered":"https:\/\/jorgezanoni.com.br\/2019\/?p=63852"},"modified":"2022-05-20T00:09:49","modified_gmt":"2022-05-20T00:09:49","slug":"feminicidio-foi-registrado-no-inicio-da-noite-em-dracena","status":"publish","type":"post","link":"https:\/\/jorgezanoni.com.br\/2019\/feminicidio-foi-registrado-no-inicio-da-noite-em-dracena\/","title":{"rendered":"Feminicidio foi registrado no inicio da noite em Dracena"},"content":{"rendered":"<p><strong>Mulher que morava em Ouro Verde e mudou a poucos dias para Dracena \u00e9 a v\u00edtima.<\/strong><\/p>\n<p style=\"text-align: justify;\">Francieli Silva (foto) foi a v\u00edtima de feminic\u00eddio ocorrido no in\u00edcio da noite desta quinta-feira (19), em Dracena.<\/p>\n<p style=\"text-align: justify;\">Segundo informa\u00e7\u00f5es obtidas pela reportagem do Site JZ, a mulher que residia na Rua Edgard Sampaio, foi morta a facadas pelo ex-companheiro I.T.S.<\/p>\n<p style=\"text-align: justify;\">As primeiras informa\u00e7\u00f5es extra-oficiais d\u00e3o conta que o autor foi preso na Vicinal que liga Ouro Verde \u00e0 Panorama, e dois homens que supostamente teriam dado suporte para a fuga, tamb\u00e9m foram presos.<\/p>\n<p><img loading=\"lazy\" decoding=\"async\" class=\"alignnone size-full wp-image-63855\" src=\"https:\/\/jorgezanoni.com.br\/2019\/wp-content\/uploads\/2022\/05\/Feminicidio-1.jpg\" alt=\"\" width=\"900\" height=\"1600\" srcset=\"https:\/\/jorgezanoni.com.br\/2019\/wp-content\/uploads\/2022\/05\/Feminicidio-1.jpg 900w, https:\/\/jorgezanoni.com.br\/2019\/wp-content\/uploads\/2022\/05\/Feminicidio-1-169x300.jpg 169w, https:\/\/jorgezanoni.com.br\/2019\/wp-content\/uploads\/2022\/05\/Feminicidio-1-576x1024.jpg 576w, https:\/\/jorgezanoni.com.br\/2019\/wp-content\/uploads\/2022\/05\/Feminicidio-1-768x1365.jpg 768w, https:\/\/jorgezanoni.com.br\/2019\/wp-content\/uploads\/2022\/05\/Feminicidio-1-864x1536.jpg 864w, https:\/\/jorgezanoni.com.br\/2019\/wp-content\/uploads\/2022\/05\/Feminicidio-1-696x1237.jpg 696w, https:\/\/jorgezanoni.com.br\/2019\/wp-content\/uploads\/2022\/05\/Feminicidio-1-236x420.jpg 236w\" sizes=\"auto, (max-width: 900px) 100vw, 900px\" \/><\/p>\n<p style=\"text-align: justify;\">(aguardem informa\u00e7\u00f5es)<\/p>\n<p style=\"text-align: justify;\">Jorge Zanoni<\/p>\n<p>Foto Redes Sociais<\/p>\n","protected":false},"excerpt":{"rendered":"<p>Mulher que morava em Ouro Verde e mudou a poucos dias para Dracena \u00e9 a v\u00edtima. Francieli Silva (foto) foi a v\u00edtima de feminic\u00eddio ocorrido no in\u00edcio da noite desta quinta-feira (19), em Dracena. Segundo informa\u00e7\u00f5es obtidas pela reportagem do Site JZ, a mulher que residia na Rua Edgard Sampaio, foi morta a facadas pelo [&hellip;]<\/p>\n","protected":false},"author":1,"featured_media":63853,"comment_status":"closed","ping_status":"open","sticky":false,"template":"","format":"standard","meta":{"footnotes":""},"categories":[110,2],"tags":[],"class_list":["post-63852","post","type-post","status-publish","format-standard","has-post-thumbnail","hentry","category-noticiasdestaque","category-policial"],"_links":{"self":[{"href":"https:\/\/jorgezanoni.com.br\/2019\/wp-json\/wp\/v2\/posts\/63852","targetHints":{"allow":["GET"]}}],"collection":[{"href":"https:\/\/jorgezanoni.com.br\/2019\/wp-json\/wp\/v2\/posts"}],"about":[{"href":"https:\/\/jorgezanoni.com.br\/2019\/wp-json\/wp\/v2\/types\/post"}],"author":[{"embeddable":true,"href":"https:\/\/jorgezanoni.com.br\/2019\/wp-json\/wp\/v2\/users\/1"}],"replies":[{"embeddable":true,"href":"https:\/\/jorgezanoni.com.br\/2019\/wp-json\/wp\/v2\/comments?post=63852"}],"version-history":[{"count":0,"href":"https:\/\/jorgezanoni.com.br\/2019\/wp-json\/wp\/v2\/posts\/63852\/revisions"}],"wp:featuredmedia":[{"embeddable":true,"href":"https:\/\/jorgezanoni.com.br\/2019\/wp-json\/wp\/v2\/media\/63853"}],"wp:attachment":[{"href":"https:\/\/jorgezanoni.com.br\/2019\/wp-json\/wp\/v2\/media?parent=63852"}],"wp:term":[{"taxonomy":"category","embeddable":true,"href":"https:\/\/jorgezanoni.com.br\/2019\/wp-json\/wp\/v2\/categories?post=63852"},{"taxonomy":"post_tag","embeddable":true,"href":"https:\/\/jorgezanoni.com.br\/2019\/wp-json\/wp\/v2\/tags?post=63852"}],"curies":[{"name":"wp","href":"https:\/\/api.w.org\/{rel}","templated":true}]}}