{"id":6385,"date":"2019-09-15T17:25:54","date_gmt":"2019-09-15T17:25:54","guid":{"rendered":"https:\/\/jorgezanoni.com.br\/2019\/?p=6385"},"modified":"2019-09-15T17:25:54","modified_gmt":"2019-09-15T17:25:54","slug":"gerente-de-supermercado-de-panorama-fica-levemente-ferido-ao-ser-atropelado-por-motorista-bebado-quando-participava-de-uma-cavalgada","status":"publish","type":"post","link":"https:\/\/jorgezanoni.com.br\/2019\/gerente-de-supermercado-de-panorama-fica-levemente-ferido-ao-ser-atropelado-por-motorista-bebado-quando-participava-de-uma-cavalgada\/","title":{"rendered":"Gerente de Supermercado de Panorama fica levemente ferido ao ser atropelado por motorista b\u00eabado quando participava de uma Cavalgada"},"content":{"rendered":"<p style=\"text-align: justify;\">Na noite de ontem (14), um grupo de amigos composto por sete pessoas entre eles empres\u00e1rios de Panorama que estavam retornando de uma Cavalgada particular,\u00a0 pela estrada do frigor\u00edfico, trecho pertencente \u00e0 Ouro Verde, mais precisamente no km 6, foram surpreendidos por um motorista b\u00eabado que em alta velocidade num ve\u00edculo Fiesta preto acertou em cheio um dos cavaleiros.<\/p>\n<p style=\"text-align: justify;\"><img loading=\"lazy\" decoding=\"async\" class=\"alignnone size-full wp-image-6386\" src=\"https:\/\/jorgezanoni.com.br\/2019\/wp-content\/uploads\/2019\/09\/panorama1.jpg\" alt=\"\" width=\"210\" height=\"280\" \/><\/p>\n<p>Segundo informa\u00e7\u00f5es apuradas junto \u00e0s fontes, estava entre os cavaleiros o Gerente do\u00a0\u00a0O Beira Rio Supermercado de Panorama, Claudinei, que foi atropelado.<\/p>\n<p>Consta que Claudinei (kal) voou por cima do carro. Ele foi conduzido ao Pronto Atendimento de Dracena com ferimentos leves e passa bem.<\/p>\n<p>O cavalo que Claudinei montava morreu no local. Segundo informa\u00e7\u00f5es\u00a0 uma mula teve a perna quebrada e ser\u00e1 sacrificada.<\/p>\n<p style=\"text-align: justify;\"><img loading=\"lazy\" decoding=\"async\" class=\"alignnone size-full wp-image-6387\" src=\"https:\/\/jorgezanoni.com.br\/2019\/wp-content\/uploads\/2019\/09\/panorama2.jpg\" alt=\"\" width=\"720\" height=\"1280\" srcset=\"https:\/\/jorgezanoni.com.br\/2019\/wp-content\/uploads\/2019\/09\/panorama2.jpg 720w, https:\/\/jorgezanoni.com.br\/2019\/wp-content\/uploads\/2019\/09\/panorama2-169x300.jpg 169w, https:\/\/jorgezanoni.com.br\/2019\/wp-content\/uploads\/2019\/09\/panorama2-576x1024.jpg 576w, https:\/\/jorgezanoni.com.br\/2019\/wp-content\/uploads\/2019\/09\/panorama2-696x1237.jpg 696w, https:\/\/jorgezanoni.com.br\/2019\/wp-content\/uploads\/2019\/09\/panorama2-236x420.jpg 236w\" sizes=\"auto, (max-width: 720px) 100vw, 720px\" \/><\/p>\n<p>Segue segundo os dados da Pol\u00edcia que al\u00e9m de estar b\u00eabado o motorista n\u00e3o era habilitado.<\/p>\n<p>O flagrante foi apresentado em Ouro Verde.<\/p>\n<p style=\"text-align: justify;\">Fonte: Panorama Not\u00edcias<\/p>\n","protected":false},"excerpt":{"rendered":"<p>Na noite de ontem (14), um grupo de amigos composto por sete pessoas entre eles empres\u00e1rios de Panorama que estavam retornando de uma Cavalgada particular,\u00a0 pela estrada do frigor\u00edfico, trecho pertencente \u00e0 Ouro Verde, mais precisamente no km 6, foram surpreendidos por um motorista b\u00eabado que em alta velocidade num ve\u00edculo Fiesta preto acertou em [&hellip;]<\/p>\n","protected":false},"author":1,"featured_media":6388,"comment_status":"closed","ping_status":"open","sticky":false,"template":"","format":"standard","meta":{"footnotes":""},"categories":[170,110],"tags":[],"class_list":["post-6385","post","type-post","status-publish","format-standard","has-post-thumbnail","hentry","category-acidentes","category-noticiasdestaque"],"_links":{"self":[{"href":"https:\/\/jorgezanoni.com.br\/2019\/wp-json\/wp\/v2\/posts\/6385","targetHints":{"allow":["GET"]}}],"collection":[{"href":"https:\/\/jorgezanoni.com.br\/2019\/wp-json\/wp\/v2\/posts"}],"about":[{"href":"https:\/\/jorgezanoni.com.br\/2019\/wp-json\/wp\/v2\/types\/post"}],"author":[{"embeddable":true,"href":"https:\/\/jorgezanoni.com.br\/2019\/wp-json\/wp\/v2\/users\/1"}],"replies":[{"embeddable":true,"href":"https:\/\/jorgezanoni.com.br\/2019\/wp-json\/wp\/v2\/comments?post=6385"}],"version-history":[{"count":0,"href":"https:\/\/jorgezanoni.com.br\/2019\/wp-json\/wp\/v2\/posts\/6385\/revisions"}],"wp:featuredmedia":[{"embeddable":true,"href":"https:\/\/jorgezanoni.com.br\/2019\/wp-json\/wp\/v2\/media\/6388"}],"wp:attachment":[{"href":"https:\/\/jorgezanoni.com.br\/2019\/wp-json\/wp\/v2\/media?parent=6385"}],"wp:term":[{"taxonomy":"category","embeddable":true,"href":"https:\/\/jorgezanoni.com.br\/2019\/wp-json\/wp\/v2\/categories?post=6385"},{"taxonomy":"post_tag","embeddable":true,"href":"https:\/\/jorgezanoni.com.br\/2019\/wp-json\/wp\/v2\/tags?post=6385"}],"curies":[{"name":"wp","href":"https:\/\/api.w.org\/{rel}","templated":true}]}}